{"id":7701,"date":"2019-07-28T13:33:42","date_gmt":"2019-07-28T11:33:42","guid":{"rendered":"http:\/\/lesmaconsdelacreuse.fr\/annuaire\/?p=7701"},"modified":"2020-01-20T11:29:15","modified_gmt":"2020-01-20T10:29:15","slug":"l_1180","status":"publish","type":"post","link":"https:\/\/www.lesmaconsdelacreuse.fr\/annuaires\/lettre-l\/l_1180\/","title":{"rendered":"LENAIN Gabriel (1705-avant 1750)"},"content":{"rendered":"<p class=\"last-updated\"><strong>Mis \u00e0 jour le :<\/strong> 01\/05\/2026<\/p><h2 style=\"text-align: center;\"><strong>Gabriel LENAIN<\/strong><\/h2>\n<p style=\"text-align: center;\"><strong>1705 \u2013 avant 1750<\/strong><\/p>\n<p style=\"text-align: center;\"><img decoding=\"async\" title=\"\" src=\"https:\/\/lesmaconsdelacreuse.fr\/annuaire\/wp-content\/uploads\/2019\/07\/image1-2065.jpg\" alt=\"\" data-source-id=\"i.0\" data-asset-id=\"7699\" \/><\/p>\n<h4 style=\"text-align: center;\"><span style=\"color: #008000;\"><strong>ma\u00e7on<\/strong><\/span><\/h4>\n<p style=\"text-align: center;\">n\u00e9 au Villard (Roy\u00e8re)<\/p>\n<p style=\"text-align: center;\">le 11 novembre 1705<\/p>\n<p style=\"text-align: center;\">fils de<\/p>\n<p style=\"text-align: center;\">Guillaume LENAIN, <span style=\"color: #008000;\"><strong>ma\u00e7on <\/strong><\/span><strong>\/ <\/strong>Anne MAZEAU<\/p>\n<p style=\"text-align: center;\">laboureurs<\/p>\n<p style=\"text-align: center;\"><span style=\"color: #ffffff;\">\u25d9<\/span><\/p>\n<p><em>Gabriel \u00e9pouse Catherine <\/em><strong>PEYTOUNAUD<\/strong><em> le 10 f\u00e9vrier <\/em><strong>1727<\/strong><em> \u00e0 Roy\u00e8re (contrat Faure). <\/em><\/p>\n<p><em>Ils habitent Le Villard.<\/em><\/p>\n<p><em>Veuve, Catherine se remarie <\/em><strong>en 1750<\/strong><em> avec L\u00e9onard MEAUME, et d\u00e9c\u00e8de \u00e0 Andaleix, paroisse de Roy\u00e8re, le 27 d\u00e9cembre 1783, \u00e2g\u00e9e de 74 ans.<\/em><\/p>\n","protected":false},"excerpt":{"rendered":"<p>Mis \u00e0 jour le : 01\/05\/2026Gabriel LENAIN 1705 \u2013 avant 1750 ma\u00e7on n\u00e9 au Villard (Roy\u00e8re) le 11 novembre 1705 fils de Guillaume LENAIN, ma\u00e7on \/ Anne MAZEAU laboureurs \u25d9 Gabriel \u00e9pouse Catherine PEYTOUNAUD le 10 f\u00e9vrier 1727 \u00e0 Roy\u00e8re (contrat Faure). Ils habitent Le Villard. Veuve, Catherine se remarie en 1750 avec L\u00e9onard MEAUME, ..<\/p>\n<div class=\"clear-fix\"><\/div>\n<p><a href=\"https:\/\/www.lesmaconsdelacreuse.fr\/annuaires\/lettre-l\/l_1180\/\" title=\"Lire la suite...\">Lire la suite<\/a><\/p>\n","protected":false},"author":6,"featured_media":0,"comment_status":"closed","ping_status":"closed","sticky":false,"template":"","format":"standard","meta":{"_acf_changed":false,"_exactmetrics_skip_tracking":false,"_exactmetrics_sitenote_active":false,"_exactmetrics_sitenote_note":"","_exactmetrics_sitenote_category":0,"footnotes":""},"categories":[19],"tags":[],"class_list":["post-7701","post","type-post","status-publish","format-standard","hentry","category-lettre-l"],"acf":[],"_links":{"self":[{"href":"https:\/\/www.lesmaconsdelacreuse.fr\/annuaires\/wp-json\/wp\/v2\/posts\/7701","targetHints":{"allow":["GET"]}}],"collection":[{"href":"https:\/\/www.lesmaconsdelacreuse.fr\/annuaires\/wp-json\/wp\/v2\/posts"}],"about":[{"href":"https:\/\/www.lesmaconsdelacreuse.fr\/annuaires\/wp-json\/wp\/v2\/types\/post"}],"author":[{"embeddable":true,"href":"https:\/\/www.lesmaconsdelacreuse.fr\/annuaires\/wp-json\/wp\/v2\/users\/6"}],"replies":[{"embeddable":true,"href":"https:\/\/www.lesmaconsdelacreuse.fr\/annuaires\/wp-json\/wp\/v2\/comments?post=7701"}],"version-history":[{"count":0,"href":"https:\/\/www.lesmaconsdelacreuse.fr\/annuaires\/wp-json\/wp\/v2\/posts\/7701\/revisions"}],"wp:attachment":[{"href":"https:\/\/www.lesmaconsdelacreuse.fr\/annuaires\/wp-json\/wp\/v2\/media?parent=7701"}],"wp:term":[{"taxonomy":"category","embeddable":true,"href":"https:\/\/www.lesmaconsdelacreuse.fr\/annuaires\/wp-json\/wp\/v2\/categories?post=7701"},{"taxonomy":"post_tag","embeddable":true,"href":"https:\/\/www.lesmaconsdelacreuse.fr\/annuaires\/wp-json\/wp\/v2\/tags?post=7701"}],"curies":[{"name":"wp","href":"https:\/\/api.w.org\/{rel}","templated":true}]}}