{"id":7709,"date":"2019-07-28T13:33:42","date_gmt":"2019-07-28T11:33:42","guid":{"rendered":"http:\/\/lesmaconsdelacreuse.fr\/annuaire\/?p=7709"},"modified":"2022-04-12T20:04:13","modified_gmt":"2022-04-12T18:04:13","slug":"l_1151","status":"publish","type":"post","link":"https:\/\/www.lesmaconsdelacreuse.fr\/annuaires\/lettre-l\/l_1151\/","title":{"rendered":"LEMOINE Fran\u00e7ois (1834-apr\u00e8s 1882)"},"content":{"rendered":"<p class=\"last-updated\"><strong>Mis \u00e0 jour le :<\/strong> 01\/05\/2026<\/p><h2 style=\"text-align: center;\"><strong>Fran\u00e7ois LEMOINE<\/strong><\/h2>\n<p style=\"text-align: center;\"><strong>1834 \u2013 apr\u00e8s 1882<\/strong><\/p>\n<p style=\"text-align: center;\"><img decoding=\"async\" title=\"\" src=\"https:\/\/lesmaconsdelacreuse.fr\/annuaire\/wp-content\/uploads\/2019\/07\/image1-121.png\" alt=\"\" data-source-id=\"i.0\" data-asset-id=\"7707\" \/><\/p>\n<h4 style=\"text-align: center;\"><span style=\"color: #008000;\"><strong>ma\u00e7on <\/strong>et<strong> \u25ba<span style=\"color: #008000;\"><a style=\"color: #008000;\" href=\"https:\/\/www.lesmaconsdelacreuse.fr\/annuaires\/wp-content\/uploads\/2020\/08\/CIMENTIER-APPLICATEUR-DE-CIMENT.png\" target=\"_blank\" rel=\"noopener noreferrer\">cimentier<\/a><\/span><br \/>\n<\/strong><\/span><\/h4>\n<p>&nbsp;<\/p>\n<p style=\"text-align: center;\">n\u00e9 \u00e0 Auzoux (Roy\u00e8re)<\/p>\n<p style=\"text-align: center;\">le 6 septembre 1834<\/p>\n<p style=\"text-align: center;\">fils de<\/p>\n<p style=\"text-align: center;\">Jean-Baptiste LEMOINE, <span style=\"color: #008000;\"><strong>ma\u00e7on<\/strong><\/span><\/p>\n<p style=\"text-align: center;\">L\u00e9onarde MEAUME, cultivatrice<\/p>\n<p style=\"text-align: center;\"><span style=\"color: #ffffff;\">\u25d9<\/span><\/p>\n<p><strong>En 1855<\/strong>, <em>Fran\u00e7ois, <\/em><span style=\"color: #008000;\"><strong>ma\u00e7on<\/strong><\/span><em>, est dispens\u00e9 de service militaire comme a\u00een\u00e9 d\u2019orphelins.<\/em><\/p>\n<p><strong>En 1871<\/strong><em><strong>,<\/strong> il travaille \u00e0 <\/em><span style=\"color: #0000ff;\"><strong>Villefranche (69)<\/strong><\/span><em>.<\/em><\/p>\n<p><em> Il y \u00e9pouse Marie <\/em><strong>TERRIER<\/strong><em>, tailleuse, le 26 ao\u00fbt de la m\u00eame ann\u00e9e (contrat Monin).<\/em><\/p>\n<p><strong>\u00a0En 1872<\/strong><em>, ils y sont recens\u00e9s 125, rue Nationale.<\/em><\/p>\n<p><em>Marie d\u00e9c\u00e8de \u00e0 Bron (69) le 21 f\u00e9vrier <\/em><strong>1881<\/strong><em>, \u00e2g\u00e9e de 44 ans.<\/em><\/p>\n<p><em>Fran\u00e7ois, maintenant <\/em><span style=\"color: #008000;\"><strong>cimentier<\/strong><\/span><em>, se remarie le 19 mai de la m\u00eame ann\u00e9e \u00e0 Villefranche avec Louise Antoinette <\/em><strong>GELAY<\/strong><em>, <strong>\u25ba<\/strong><a href=\"https:\/\/www.lesmaconsdelacreuse.fr\/annuaires\/wp-content\/uploads\/2020\/08\/LING\u00c8RE.png\" target=\"_blank\" rel=\"noopener noreferrer\">ling\u00e8re<\/a> (contrat Monin).<\/em><\/p>\n<p><em>Ils habitent Villefranche.<\/em><\/p>\n","protected":false},"excerpt":{"rendered":"<p>Mis \u00e0 jour le : 01\/05\/2026Fran\u00e7ois LEMOINE 1834 \u2013 apr\u00e8s 1882 ma\u00e7on et \u25bacimentier &nbsp; n\u00e9 \u00e0 Auzoux (Roy\u00e8re) le 6 septembre 1834 fils de Jean-Baptiste LEMOINE, ma\u00e7on L\u00e9onarde MEAUME, cultivatrice \u25d9 En 1855, Fran\u00e7ois, ma\u00e7on, est dispens\u00e9 de service militaire comme a\u00een\u00e9 d\u2019orphelins. En 1871, il travaille \u00e0 Villefranche (69). Il y \u00e9pouse Marie ..<\/p>\n<div class=\"clear-fix\"><\/div>\n<p><a href=\"https:\/\/www.lesmaconsdelacreuse.fr\/annuaires\/lettre-l\/l_1151\/\" title=\"Lire la suite...\">Lire la suite<\/a><\/p>\n","protected":false},"author":6,"featured_media":0,"comment_status":"closed","ping_status":"closed","sticky":false,"template":"","format":"standard","meta":{"_acf_changed":false,"_exactmetrics_skip_tracking":false,"_exactmetrics_sitenote_active":false,"_exactmetrics_sitenote_note":"","_exactmetrics_sitenote_category":0,"footnotes":""},"categories":[19],"tags":[],"class_list":["post-7709","post","type-post","status-publish","format-standard","hentry","category-lettre-l"],"acf":[],"_links":{"self":[{"href":"https:\/\/www.lesmaconsdelacreuse.fr\/annuaires\/wp-json\/wp\/v2\/posts\/7709","targetHints":{"allow":["GET"]}}],"collection":[{"href":"https:\/\/www.lesmaconsdelacreuse.fr\/annuaires\/wp-json\/wp\/v2\/posts"}],"about":[{"href":"https:\/\/www.lesmaconsdelacreuse.fr\/annuaires\/wp-json\/wp\/v2\/types\/post"}],"author":[{"embeddable":true,"href":"https:\/\/www.lesmaconsdelacreuse.fr\/annuaires\/wp-json\/wp\/v2\/users\/6"}],"replies":[{"embeddable":true,"href":"https:\/\/www.lesmaconsdelacreuse.fr\/annuaires\/wp-json\/wp\/v2\/comments?post=7709"}],"version-history":[{"count":2,"href":"https:\/\/www.lesmaconsdelacreuse.fr\/annuaires\/wp-json\/wp\/v2\/posts\/7709\/revisions"}],"predecessor-version":[{"id":197503,"href":"https:\/\/www.lesmaconsdelacreuse.fr\/annuaires\/wp-json\/wp\/v2\/posts\/7709\/revisions\/197503"}],"wp:attachment":[{"href":"https:\/\/www.lesmaconsdelacreuse.fr\/annuaires\/wp-json\/wp\/v2\/media?parent=7709"}],"wp:term":[{"taxonomy":"category","embeddable":true,"href":"https:\/\/www.lesmaconsdelacreuse.fr\/annuaires\/wp-json\/wp\/v2\/categories?post=7709"},{"taxonomy":"post_tag","embeddable":true,"href":"https:\/\/www.lesmaconsdelacreuse.fr\/annuaires\/wp-json\/wp\/v2\/tags?post=7709"}],"curies":[{"name":"wp","href":"https:\/\/api.w.org\/{rel}","templated":true}]}}