{"id":7719,"date":"2019-07-28T13:33:41","date_gmt":"2019-07-28T11:33:41","guid":{"rendered":"http:\/\/lesmaconsdelacreuse.fr\/annuaire\/?p=7719"},"modified":"2020-10-02T17:12:35","modified_gmt":"2020-10-02T15:12:35","slug":"l_1157","status":"publish","type":"post","link":"https:\/\/www.lesmaconsdelacreuse.fr\/annuaires\/lettre-l\/l_1157\/","title":{"rendered":"LEMOYNE Jean (1822-1878)"},"content":{"rendered":"<p class=\"last-updated\"><strong>Mis \u00e0 jour le :<\/strong> 01\/05\/2026<\/p><h2 style=\"text-align: center;\"><strong>Jean LEMOYNE<\/strong><\/h2>\n<p style=\"text-align: center;\"><strong>1822 \u2013 1878<\/strong><\/p>\n<p style=\"text-align: center;\"><img decoding=\"async\" title=\"\" src=\"https:\/\/lesmaconsdelacreuse.fr\/annuaire\/wp-content\/uploads\/2019\/07\/image1-2071.jpg\" alt=\"\" data-source-id=\"i.0\" data-asset-id=\"7718\" \/><\/p>\n<h4 style=\"text-align: center;\"><span style=\"color: #008000;\"><strong>ma\u00e7on<\/strong><\/span><\/h4>\n<p>&nbsp;<\/p>\n<p style=\"text-align: center;\">n\u00e9 \u00e0 Lavergne (Saint-Martin-Ch\u00e2teau)<\/p>\n<p style=\"text-align: center;\">le 29 septembre 1822<\/p>\n<p style=\"text-align: center;\">fils de<\/p>\n<p style=\"text-align: center;\">L\u00e9onard LEMOYNE, <span style=\"color: #008000;\"><strong>ma\u00e7on <\/strong><\/span><strong>\/ <\/strong>Marie PETITMATHIEU<\/p>\n<p style=\"text-align: center;\">propri\u00e9taires cultivateurs<\/p>\n<p style=\"text-align: center;\"><span style=\"color: #ffffff;\">\u25d9<\/span><\/p>\n<p><em>Jean \u00e9pouse Antoinette <\/em><strong>CHAMPEAUX<\/strong><em> le 2 f\u00e9vrier <\/em><strong>1852<\/strong><em> \u00e0 Saint-Martin-Ch\u00e2teau\u00a0(mari\u00e9s sans contrat). <\/em><\/p>\n<p><strong>En 1872<\/strong><em>, ils habitent le bourg de <\/em><span style=\"color: #0000ff;\"><strong>Saint-Cyr-au-Mont-d\u2019Or (69)<\/strong><\/span><em>.<\/em><\/p>\n<p><em>Toujours ma\u00e7on \u00e0 Saint-Cyr, Jean d\u00e9c\u00e8de de phtisie tuberculeuse \u00e0 \u25ba<a href=\"https:\/\/www.lesmaconsdelacreuse.fr\/annuaires\/\/wp-content\/uploads\/PHOTOS_-_CARTES_POSTALES\/LYON_-_Hopital_de_lHotel-Dieu.jpg\" target=\"_blank\" rel=\"noopener noreferrer\">l\u2019H\u00f4tel-Dieu<\/a> de Lyon le 28 ao\u00fbt <\/em><strong>1878<\/strong><em>, \u00e2g\u00e9 de 55 ans. <\/em><\/p>\n<p><em>Sa veuve d\u00e9c\u00e8de <strong>\u25ba<a href=\"https:\/\/www.lesmaconsdelacreuse.fr\/annuaires\/wp-content\/uploads\/2020\/08\/LOGEUR-LOGEUSE.png\">logeuse<\/a><\/strong> au bourg de Saint Cyr, le 28 janvier <\/em>1910<em>, \u00e2g\u00e9e de 81 ans.<\/em><\/p>\n","protected":false},"excerpt":{"rendered":"<p>Mis \u00e0 jour le : 01\/05\/2026Jean LEMOYNE 1822 \u2013 1878 ma\u00e7on &nbsp; n\u00e9 \u00e0 Lavergne (Saint-Martin-Ch\u00e2teau) le 29 septembre 1822 fils de L\u00e9onard LEMOYNE, ma\u00e7on \/ Marie PETITMATHIEU propri\u00e9taires cultivateurs \u25d9 Jean \u00e9pouse Antoinette CHAMPEAUX le 2 f\u00e9vrier 1852 \u00e0 Saint-Martin-Ch\u00e2teau\u00a0(mari\u00e9s sans contrat). En 1872, ils habitent le bourg de Saint-Cyr-au-Mont-d\u2019Or (69). Toujours ma\u00e7on \u00e0 ..<\/p>\n<div class=\"clear-fix\"><\/div>\n<p><a href=\"https:\/\/www.lesmaconsdelacreuse.fr\/annuaires\/lettre-l\/l_1157\/\" title=\"Lire la suite...\">Lire la suite<\/a><\/p>\n","protected":false},"author":6,"featured_media":0,"comment_status":"closed","ping_status":"closed","sticky":false,"template":"","format":"standard","meta":{"_acf_changed":false,"_exactmetrics_skip_tracking":false,"_exactmetrics_sitenote_active":false,"_exactmetrics_sitenote_note":"","_exactmetrics_sitenote_category":0,"footnotes":""},"categories":[19],"tags":[],"class_list":["post-7719","post","type-post","status-publish","format-standard","hentry","category-lettre-l"],"acf":[],"_links":{"self":[{"href":"https:\/\/www.lesmaconsdelacreuse.fr\/annuaires\/wp-json\/wp\/v2\/posts\/7719","targetHints":{"allow":["GET"]}}],"collection":[{"href":"https:\/\/www.lesmaconsdelacreuse.fr\/annuaires\/wp-json\/wp\/v2\/posts"}],"about":[{"href":"https:\/\/www.lesmaconsdelacreuse.fr\/annuaires\/wp-json\/wp\/v2\/types\/post"}],"author":[{"embeddable":true,"href":"https:\/\/www.lesmaconsdelacreuse.fr\/annuaires\/wp-json\/wp\/v2\/users\/6"}],"replies":[{"embeddable":true,"href":"https:\/\/www.lesmaconsdelacreuse.fr\/annuaires\/wp-json\/wp\/v2\/comments?post=7719"}],"version-history":[{"count":0,"href":"https:\/\/www.lesmaconsdelacreuse.fr\/annuaires\/wp-json\/wp\/v2\/posts\/7719\/revisions"}],"wp:attachment":[{"href":"https:\/\/www.lesmaconsdelacreuse.fr\/annuaires\/wp-json\/wp\/v2\/media?parent=7719"}],"wp:term":[{"taxonomy":"category","embeddable":true,"href":"https:\/\/www.lesmaconsdelacreuse.fr\/annuaires\/wp-json\/wp\/v2\/categories?post=7719"},{"taxonomy":"post_tag","embeddable":true,"href":"https:\/\/www.lesmaconsdelacreuse.fr\/annuaires\/wp-json\/wp\/v2\/tags?post=7719"}],"curies":[{"name":"wp","href":"https:\/\/api.w.org\/{rel}","templated":true}]}}