{"id":7723,"date":"2019-07-28T13:33:41","date_gmt":"2019-07-28T11:33:41","guid":{"rendered":"http:\/\/lesmaconsdelacreuse.fr\/annuaire\/?p=7723"},"modified":"2020-01-20T11:29:16","modified_gmt":"2020-01-20T10:29:16","slug":"l_1207","status":"publish","type":"post","link":"https:\/\/www.lesmaconsdelacreuse.fr\/annuaires\/lettre-l\/l_1207\/","title":{"rendered":"LENOIR Antoine (vers 1725-1810)"},"content":{"rendered":"<p class=\"last-updated\"><strong>Mis \u00e0 jour le :<\/strong> 01\/05\/2026<\/p><h2 style=\"text-align: center;\"><strong>Antoine LENOIR<\/strong><\/h2>\n<p style=\"text-align: center;\"><strong>vers 1725 \u2013 1810<\/strong><\/p>\n<p style=\"text-align: center;\"><img decoding=\"async\" title=\"\" src=\"https:\/\/lesmaconsdelacreuse.fr\/annuaire\/wp-content\/uploads\/2019\/07\/image1-2072.jpg\" alt=\"\" data-source-id=\"i.0\" data-asset-id=\"7720\" \/><\/p>\n<h4 style=\"text-align: center;\"><span style=\"color: #008000;\"><strong>ma\u00e7on<\/strong><\/span><\/h4>\n<p style=\"text-align: center;\">n\u00e9 \u00e0 Roy\u00e8re\u00a0?<\/p>\n<p style=\"text-align: center;\">vers 1725<\/p>\n<p style=\"text-align: center;\"><span style=\"color: #ffffff;\">\u25d9<\/span><\/p>\n<p><em>Antoine, veuf de V\u00e9ronique <\/em><strong>CHARON<\/strong><em>, d\u00e9c\u00e8de le 24 novembre <\/em><strong>1810<\/strong><em> \u00e0 l\u2019Hospice des Malades de <\/em><span style=\"color: #0000ff;\"><strong>Lyon (69)<\/strong><\/span><em>, \u00e2g\u00e9 de 85 ans. Il habite 45, rue Merci\u00e8re. <\/em><\/p>\n<p><em>Il peut s\u2019agir d\u2019Antoine n\u00e9 \u00e0 Jeansanetas (Roy\u00e8re) le 5 mars 1728, fils de Pierre, laboureur, et Jacqueline B\u00c9NASSY.<\/em><\/p>\n","protected":false},"excerpt":{"rendered":"<p>Mis \u00e0 jour le : 01\/05\/2026Antoine LENOIR vers 1725 \u2013 1810 ma\u00e7on n\u00e9 \u00e0 Roy\u00e8re\u00a0? vers 1725 \u25d9 Antoine, veuf de V\u00e9ronique CHARON, d\u00e9c\u00e8de le 24 novembre 1810 \u00e0 l\u2019Hospice des Malades de Lyon (69), \u00e2g\u00e9 de 85 ans. Il habite 45, rue Merci\u00e8re. Il peut s\u2019agir d\u2019Antoine n\u00e9 \u00e0 Jeansanetas (Roy\u00e8re) le 5 mars ..<\/p>\n<div class=\"clear-fix\"><\/div>\n<p><a href=\"https:\/\/www.lesmaconsdelacreuse.fr\/annuaires\/lettre-l\/l_1207\/\" title=\"Lire la suite...\">Lire la suite<\/a><\/p>\n","protected":false},"author":6,"featured_media":0,"comment_status":"closed","ping_status":"closed","sticky":false,"template":"","format":"standard","meta":{"_acf_changed":false,"_exactmetrics_skip_tracking":false,"_exactmetrics_sitenote_active":false,"_exactmetrics_sitenote_note":"","_exactmetrics_sitenote_category":0,"footnotes":""},"categories":[19],"tags":[],"class_list":["post-7723","post","type-post","status-publish","format-standard","hentry","category-lettre-l"],"acf":[],"_links":{"self":[{"href":"https:\/\/www.lesmaconsdelacreuse.fr\/annuaires\/wp-json\/wp\/v2\/posts\/7723","targetHints":{"allow":["GET"]}}],"collection":[{"href":"https:\/\/www.lesmaconsdelacreuse.fr\/annuaires\/wp-json\/wp\/v2\/posts"}],"about":[{"href":"https:\/\/www.lesmaconsdelacreuse.fr\/annuaires\/wp-json\/wp\/v2\/types\/post"}],"author":[{"embeddable":true,"href":"https:\/\/www.lesmaconsdelacreuse.fr\/annuaires\/wp-json\/wp\/v2\/users\/6"}],"replies":[{"embeddable":true,"href":"https:\/\/www.lesmaconsdelacreuse.fr\/annuaires\/wp-json\/wp\/v2\/comments?post=7723"}],"version-history":[{"count":0,"href":"https:\/\/www.lesmaconsdelacreuse.fr\/annuaires\/wp-json\/wp\/v2\/posts\/7723\/revisions"}],"wp:attachment":[{"href":"https:\/\/www.lesmaconsdelacreuse.fr\/annuaires\/wp-json\/wp\/v2\/media?parent=7723"}],"wp:term":[{"taxonomy":"category","embeddable":true,"href":"https:\/\/www.lesmaconsdelacreuse.fr\/annuaires\/wp-json\/wp\/v2\/categories?post=7723"},{"taxonomy":"post_tag","embeddable":true,"href":"https:\/\/www.lesmaconsdelacreuse.fr\/annuaires\/wp-json\/wp\/v2\/tags?post=7723"}],"curies":[{"name":"wp","href":"https:\/\/api.w.org\/{rel}","templated":true}]}}