{"id":7732,"date":"2019-07-28T13:33:40","date_gmt":"2019-07-28T11:33:40","guid":{"rendered":"http:\/\/lesmaconsdelacreuse.fr\/annuaire\/?p=7732"},"modified":"2020-01-20T11:29:18","modified_gmt":"2020-01-20T10:29:18","slug":"l_1141","status":"publish","type":"post","link":"https:\/\/www.lesmaconsdelacreuse.fr\/annuaires\/lettre-l\/l_1141\/","title":{"rendered":"LEMERLE Gilbert (1785-1837)"},"content":{"rendered":"<p class=\"last-updated\"><strong>Mis \u00e0 jour le :<\/strong> 01\/05\/2026<\/p><h2 style=\"text-align: center;\"><strong>Gilbert LEMERLE<\/strong><\/h2>\n<p style=\"text-align: center;\"><strong>\u00c9tienne LEMERLE<\/strong><\/p>\n<p style=\"text-align: center;\"><strong>1785 \u2013 1837<\/strong><\/p>\n<p style=\"text-align: center;\"><img decoding=\"async\" title=\"\" src=\"https:\/\/lesmaconsdelacreuse.fr\/annuaire\/wp-content\/uploads\/2019\/07\/image1-2077.jpg\" alt=\"\" data-source-id=\"i.0\" data-asset-id=\"7730\" \/><\/p>\n<h4 style=\"text-align: center;\"><span style=\"color: #008000;\"><strong>ma\u00e7on<\/strong> et <strong>propri\u00e9taire cultivateur<\/strong><\/span><\/h4>\n<p style=\"text-align: center;\">n\u00e9 \u00e0 Jeansanetas (Roy\u00e8re)<\/p>\n<p style=\"text-align: center;\">le 28 avril 1785<\/p>\n<p style=\"text-align: center;\">fils de<\/p>\n<p style=\"text-align: center;\">Gilbert LEMERLE \/ Jeanne LEMERLE<\/p>\n<p style=\"text-align: center;\">cultivateurs<\/p>\n<p style=\"text-align: center;\"><span style=\"color: #ffffff;\">\u25d9<\/span><\/p>\n<p><em>Gilbert \u00e9pouse Marie <\/em><strong>CANQUE<\/strong><em> le 16 germinal an IX (6 avril <\/em><strong>1801<\/strong><em>) \u00e0 Gentioux (contrat B\u00e9nassy). Ils habitent Jeansanetas.<\/em><\/p>\n<p><em>Marie y d\u00e9c\u00e8de le 17 f\u00e9vrier <\/em><strong>1813<\/strong><em>, \u00e2g\u00e9e de 30 ans. <\/em><\/p>\n<p><em>Gilbert se remarie le 17 f\u00e9vrier <\/em><strong>1814<\/strong><em> \u00e0 Roy\u00e8re avec Jeanne <\/em><strong>MOUNICHON<\/strong><em> (contrat Coutisson). Ils habitent aussi Jeansanetas. <\/em><\/p>\n<p><em>Gilbert d\u00e9c\u00e8de \u00e0 Aug\u00e8res, commune de Faux-Mazuras, le 9 avril <\/em><strong>1837<\/strong>,<em> \u00e2g\u00e9 de 51 ans.<\/em><\/p>\n","protected":false},"excerpt":{"rendered":"<p>Mis \u00e0 jour le : 01\/05\/2026Gilbert LEMERLE \u00c9tienne LEMERLE 1785 \u2013 1837 ma\u00e7on et propri\u00e9taire cultivateur n\u00e9 \u00e0 Jeansanetas (Roy\u00e8re) le 28 avril 1785 fils de Gilbert LEMERLE \/ Jeanne LEMERLE cultivateurs \u25d9 Gilbert \u00e9pouse Marie CANQUE le 16 germinal an IX (6 avril 1801) \u00e0 Gentioux (contrat B\u00e9nassy). Ils habitent Jeansanetas. Marie y d\u00e9c\u00e8de ..<\/p>\n<div class=\"clear-fix\"><\/div>\n<p><a href=\"https:\/\/www.lesmaconsdelacreuse.fr\/annuaires\/lettre-l\/l_1141\/\" title=\"Lire la suite...\">Lire la suite<\/a><\/p>\n","protected":false},"author":6,"featured_media":0,"comment_status":"closed","ping_status":"closed","sticky":false,"template":"","format":"standard","meta":{"_acf_changed":false,"_exactmetrics_skip_tracking":false,"_exactmetrics_sitenote_active":false,"_exactmetrics_sitenote_note":"","_exactmetrics_sitenote_category":0,"footnotes":""},"categories":[19],"tags":[],"class_list":["post-7732","post","type-post","status-publish","format-standard","hentry","category-lettre-l"],"acf":[],"_links":{"self":[{"href":"https:\/\/www.lesmaconsdelacreuse.fr\/annuaires\/wp-json\/wp\/v2\/posts\/7732","targetHints":{"allow":["GET"]}}],"collection":[{"href":"https:\/\/www.lesmaconsdelacreuse.fr\/annuaires\/wp-json\/wp\/v2\/posts"}],"about":[{"href":"https:\/\/www.lesmaconsdelacreuse.fr\/annuaires\/wp-json\/wp\/v2\/types\/post"}],"author":[{"embeddable":true,"href":"https:\/\/www.lesmaconsdelacreuse.fr\/annuaires\/wp-json\/wp\/v2\/users\/6"}],"replies":[{"embeddable":true,"href":"https:\/\/www.lesmaconsdelacreuse.fr\/annuaires\/wp-json\/wp\/v2\/comments?post=7732"}],"version-history":[{"count":0,"href":"https:\/\/www.lesmaconsdelacreuse.fr\/annuaires\/wp-json\/wp\/v2\/posts\/7732\/revisions"}],"wp:attachment":[{"href":"https:\/\/www.lesmaconsdelacreuse.fr\/annuaires\/wp-json\/wp\/v2\/media?parent=7732"}],"wp:term":[{"taxonomy":"category","embeddable":true,"href":"https:\/\/www.lesmaconsdelacreuse.fr\/annuaires\/wp-json\/wp\/v2\/categories?post=7732"},{"taxonomy":"post_tag","embeddable":true,"href":"https:\/\/www.lesmaconsdelacreuse.fr\/annuaires\/wp-json\/wp\/v2\/tags?post=7732"}],"curies":[{"name":"wp","href":"https:\/\/api.w.org\/{rel}","templated":true}]}}