{"id":7747,"date":"2019-07-28T13:33:40","date_gmt":"2019-07-28T11:33:40","guid":{"rendered":"http:\/\/lesmaconsdelacreuse.fr\/annuaire\/?p=7747"},"modified":"2020-01-20T11:29:18","modified_gmt":"2020-01-20T10:29:18","slug":"l_1137","status":"publish","type":"post","link":"https:\/\/www.lesmaconsdelacreuse.fr\/annuaires\/lettre-l\/l_1137\/","title":{"rendered":"LEMASSON Pierre (1880-1914)"},"content":{"rendered":"<p class=\"last-updated\"><strong>Mis \u00e0 jour le :<\/strong> 01\/05\/2026<\/p><h2 style=\"text-align: center;\"><strong>Pierre LEMASSON<\/strong><\/h2>\n<p style=\"text-align: center;\"><strong>1880 \u2013 1914<\/strong><\/p>\n<p style=\"text-align: center;\"><img decoding=\"async\" title=\"\" src=\"https:\/\/lesmaconsdelacreuse.fr\/annuaire\/wp-content\/uploads\/2019\/07\/image1-122.png\" alt=\"\" data-source-id=\"i.0\" data-asset-id=\"7741\" \/><\/p>\n<h4 style=\"text-align: center;\"><span style=\"color: #008000;\"><strong>ma\u00e7on<\/strong><\/span><\/h4>\n<p style=\"text-align: center;\">n\u00e9 \u00e0 Montamier (Saint-Moreil)<\/p>\n<p style=\"text-align: center;\">le 28 janvier 1880<\/p>\n<p style=\"text-align: center;\">fils de<\/p>\n<p style=\"text-align: center;\">L\u00e9onard LEMASSON, <span style=\"color: #008000;\"><strong>ma\u00e7on <\/strong><\/span><strong>\/ <\/strong>Anna VASSIVI\u00c8RE<\/p>\n<p style=\"text-align: center;\">cultivateurs<\/p>\n<p style=\"text-align: center;\"><span style=\"color: #ffffff;\">\u25d9<\/span><\/p>\n<p><strong>En 1901<\/strong><em>, Pierre travaille dans le <\/em><span style=\"color: #0000ff;\"><strong>Rh\u00f4ne <\/strong><\/span><em>et y passe le conseil de r\u00e9vision. Il est dispens\u00e9 de service militaire ayant un fr\u00e8re sous les drapeaux.<\/em><\/p>\n<p><strong>En 1903<\/strong><em>, il est \u00e0 <\/em><span style=\"color: #0000ff;\"><strong>Brignais (69)<\/strong><\/span><em>\u00a0;<\/em><\/p>\n<p><strong>en 1906<\/strong><em>, \u00e0 <\/em><span style=\"color: #0000ff;\"><strong>Oullins (69)<\/strong><\/span><em>, 76, rue de la R\u00e9publique.<\/em><\/p>\n<p><em> Il \u00e9pouse Am\u00e9lie <\/em><strong>LINTIGNAT<\/strong><em> le 23 janvier de la m\u00eame ann\u00e9e \u00e0 Saint-Julien-le-Petit (87 \u2013 contrat Vergnaud \u00e0 Peyrat-le-Ch\u00e2teau). \u00a0Ils habitent Le Cloup, commune de Saint-Julien.<\/em><\/p>\n<p><strong>En 1913<\/strong><em>, il travaille \u00e0 <\/em><span style=\"color: #0000ff;\"><strong>Meyzieu (69)<\/strong><\/span><em>. <\/em><\/p>\n<p><em>Soldat au 7e R\u00e9giment d\u2019Infanterie, il est tu\u00e9 \u00e0 l\u2019ennemi le 26 septembre <\/em><strong>1914<\/strong><em> \u00e0 Beaus\u00e9jour (51), \u00e2g\u00e9 de 34 ans.<\/em><\/p>\n<p><em>Am\u00e9lie d\u00e9c\u00e8de dans l\u2019Ain le 10 juin <\/em>1972<em>, \u00e2g\u00e9e de 89 ans. <\/em><\/p>\n<h2><\/h2>\n<p>&nbsp;<\/p>\n","protected":false},"excerpt":{"rendered":"<p>Mis \u00e0 jour le : 01\/05\/2026Pierre LEMASSON 1880 \u2013 1914 ma\u00e7on n\u00e9 \u00e0 Montamier (Saint-Moreil) le 28 janvier 1880 fils de L\u00e9onard LEMASSON, ma\u00e7on \/ Anna VASSIVI\u00c8RE cultivateurs \u25d9 En 1901, Pierre travaille dans le Rh\u00f4ne et y passe le conseil de r\u00e9vision. Il est dispens\u00e9 de service militaire ayant un fr\u00e8re sous les drapeaux. ..<\/p>\n<div class=\"clear-fix\"><\/div>\n<p><a href=\"https:\/\/www.lesmaconsdelacreuse.fr\/annuaires\/lettre-l\/l_1137\/\" title=\"Lire la suite...\">Lire la suite<\/a><\/p>\n","protected":false},"author":6,"featured_media":0,"comment_status":"closed","ping_status":"closed","sticky":false,"template":"","format":"standard","meta":{"_acf_changed":false,"_exactmetrics_skip_tracking":false,"_exactmetrics_sitenote_active":false,"_exactmetrics_sitenote_note":"","_exactmetrics_sitenote_category":0,"footnotes":""},"categories":[19],"tags":[],"class_list":["post-7747","post","type-post","status-publish","format-standard","hentry","category-lettre-l"],"acf":[],"_links":{"self":[{"href":"https:\/\/www.lesmaconsdelacreuse.fr\/annuaires\/wp-json\/wp\/v2\/posts\/7747","targetHints":{"allow":["GET"]}}],"collection":[{"href":"https:\/\/www.lesmaconsdelacreuse.fr\/annuaires\/wp-json\/wp\/v2\/posts"}],"about":[{"href":"https:\/\/www.lesmaconsdelacreuse.fr\/annuaires\/wp-json\/wp\/v2\/types\/post"}],"author":[{"embeddable":true,"href":"https:\/\/www.lesmaconsdelacreuse.fr\/annuaires\/wp-json\/wp\/v2\/users\/6"}],"replies":[{"embeddable":true,"href":"https:\/\/www.lesmaconsdelacreuse.fr\/annuaires\/wp-json\/wp\/v2\/comments?post=7747"}],"version-history":[{"count":0,"href":"https:\/\/www.lesmaconsdelacreuse.fr\/annuaires\/wp-json\/wp\/v2\/posts\/7747\/revisions"}],"wp:attachment":[{"href":"https:\/\/www.lesmaconsdelacreuse.fr\/annuaires\/wp-json\/wp\/v2\/media?parent=7747"}],"wp:term":[{"taxonomy":"category","embeddable":true,"href":"https:\/\/www.lesmaconsdelacreuse.fr\/annuaires\/wp-json\/wp\/v2\/categories?post=7747"},{"taxonomy":"post_tag","embeddable":true,"href":"https:\/\/www.lesmaconsdelacreuse.fr\/annuaires\/wp-json\/wp\/v2\/tags?post=7747"}],"curies":[{"name":"wp","href":"https:\/\/api.w.org\/{rel}","templated":true}]}}