{"id":7750,"date":"2019-07-28T13:33:39","date_gmt":"2019-07-28T11:33:39","guid":{"rendered":"http:\/\/lesmaconsdelacreuse.fr\/annuaire\/?p=7750"},"modified":"2020-10-14T10:30:41","modified_gmt":"2020-10-14T08:30:41","slug":"l_1152","status":"publish","type":"post","link":"https:\/\/www.lesmaconsdelacreuse.fr\/annuaires\/lettre-l\/l_1152\/","title":{"rendered":"LEMOINE Fran\u00e7ois (1842-apr\u00e8s 1906)"},"content":{"rendered":"<p class=\"last-updated\"><strong>Mis \u00e0 jour le :<\/strong> 01\/05\/2026<\/p><h2 style=\"text-align: center;\"><strong>Fran\u00e7ois LEMOINE<\/strong><\/h2>\n<p style=\"text-align: center;\"><strong>1842 \u2013 apr\u00e8s 1906<\/strong><\/p>\n<p style=\"text-align: center;\"><img loading=\"lazy\" decoding=\"async\" class=\"\" title=\"\" src=\"https:\/\/lesmaconsdelacreuse.fr\/annuaire\/wp-content\/uploads\/2019\/07\/image1-2083.jpg\" alt=\"\" width=\"429\" height=\"86\" data-source-id=\"i.0\" data-asset-id=\"7749\" \/><\/p>\n<h4 style=\"text-align: center;\"><span style=\"color: #008000;\"><strong>\u25ba\u00a0<span style=\"color: #008000;\"><a style=\"color: #008000;\" href=\"https:\/\/www.lesmaconsdelacreuse.fr\/annuaires\/wp-content\/uploads\/2020\/07\/MA\u00ceTRE-MA\u00c7ON.png\" target=\"_blank\" rel=\"noopener noreferrer\">ma\u00eetre ma\u00e7on<\/a> <\/span><\/strong>et<strong> <em>\u25ba<a href=\"https:\/\/www.lesmaconsdelacreuse.fr\/annuaires\/wp-content\/uploads\/2020\/07\/FUMISTE.png\" target=\"_blank\" rel=\"noopener noreferrer\"><span style=\"color: #008000;\">fumiste<\/span><\/a><\/em><br \/>\n<\/strong><\/span><\/h4>\n<p>&nbsp;<\/p>\n<p style=\"text-align: center;\">n\u00e9 \u00e0 Auzoux (Roy\u00e8re)<\/p>\n<p style=\"text-align: center;\">le 10 novembre 1842<\/p>\n<p style=\"text-align: center;\">fils de<\/p>\n<p style=\"text-align: center;\">Jean-Baptiste LEMOINE, <span style=\"color: #008000;\"><strong>ma\u00e7on<\/strong><\/span><\/p>\n<p style=\"text-align: center;\">L\u00e9onarde MEAUME, cultivatrice<\/p>\n<p style=\"text-align: center;\"><span style=\"color: #ffffff;\">\u25d9<\/span><\/p>\n<p><em>Fran\u00e7ois \u00e9pouse Marie <\/em><strong>LEBLANC<\/strong><em> le 7 f\u00e9vrier <\/em><strong>1867<\/strong><em> \u00e0 Saint-Martin-Ch\u00e2teau (contrat Magadoux). Ils habitent le village de Bost-Boussac. <\/em><\/p>\n<p><strong>En 1869<\/strong><em>, Fran\u00e7ois travaille \u00e0 <\/em><span style=\"color: #0000ff;\"><strong>Lyon (69)<\/strong><\/span><em>, et loge 14, cit\u00e9 Napol\u00e9on. La m\u00eame ann\u00e9e, il est incarc\u00e9r\u00e9 pendant 15 jours \u00e0 la <\/em><em>\u25ba<a href=\"https:\/\/www.lesmaconsdelacreuse.fr\/annuaires\/wp-content\/uploads\/2020\/08\/PRISON-SAINT-PAUL.png\" target=\"_blank\" rel=\"noopener noreferrer\">prison Saint-Paul<\/a> pour coups et vol.<\/em><\/p>\n<p><strong>En 1872<\/strong>,<em> les \u00e9poux habitent 101, cours Bourbon, 3e arrondissement. <\/em><\/p>\n<p><strong>En 1875 et 1876<\/strong><em>, ils sont \u00e0 <\/em><span style=\"color: #0000ff;\"><strong>Villeurbanne (69)<\/strong><\/span><em> et habitent 16, cours Lafayette.<\/em><\/p>\n<p><em>Marie d\u00e9c\u00e8de \u00e0 Villeurbanne le 2 f\u00e9vrier <\/em><strong>1878<\/strong><em>, \u00e2g\u00e9e de 30 ans.<\/em><\/p>\n<p><strong>En 1885<\/strong><em>, Fran\u00e7ois, <\/em><span style=\"color: #008000;\"><strong>fumiste<\/strong><\/span><em>, travaille \u00e0 <\/em><span style=\"color: #0000ff;\"><strong>M\u00e2con (71)<\/strong><\/span><em>. Il y \u00e9pouse Marie Fran\u00e7oise <\/em><strong>MOLLI\u00c8RE<\/strong><em>, ling\u00e8re native d\u2019Oullins (69), le 1er ao\u00fbt de la m\u00eame ann\u00e9e (mari\u00e9s sans contrat).<\/em><\/p>\n<p><strong>En 1888 et 1889<\/strong><em>, ils sont \u00e0 Villeurbanne et habitent \u00e0 l\u2019adresse de 1875.<\/em><\/p>\n<p>&nbsp;<\/p>\n","protected":false},"excerpt":{"rendered":"<p>Mis \u00e0 jour le : 01\/05\/2026Fran\u00e7ois LEMOINE 1842 \u2013 apr\u00e8s 1906 \u25ba\u00a0ma\u00eetre ma\u00e7on et \u25bafumiste &nbsp; n\u00e9 \u00e0 Auzoux (Roy\u00e8re) le 10 novembre 1842 fils de Jean-Baptiste LEMOINE, ma\u00e7on L\u00e9onarde MEAUME, cultivatrice \u25d9 Fran\u00e7ois \u00e9pouse Marie LEBLANC le 7 f\u00e9vrier 1867 \u00e0 Saint-Martin-Ch\u00e2teau (contrat Magadoux). Ils habitent le village de Bost-Boussac. En 1869, Fran\u00e7ois travaille ..<\/p>\n<div class=\"clear-fix\"><\/div>\n<p><a href=\"https:\/\/www.lesmaconsdelacreuse.fr\/annuaires\/lettre-l\/l_1152\/\" title=\"Lire la suite...\">Lire la suite<\/a><\/p>\n","protected":false},"author":6,"featured_media":0,"comment_status":"closed","ping_status":"closed","sticky":false,"template":"","format":"standard","meta":{"_acf_changed":false,"_exactmetrics_skip_tracking":false,"_exactmetrics_sitenote_active":false,"_exactmetrics_sitenote_note":"","_exactmetrics_sitenote_category":0,"footnotes":""},"categories":[19],"tags":[],"class_list":["post-7750","post","type-post","status-publish","format-standard","hentry","category-lettre-l"],"acf":[],"_links":{"self":[{"href":"https:\/\/www.lesmaconsdelacreuse.fr\/annuaires\/wp-json\/wp\/v2\/posts\/7750","targetHints":{"allow":["GET"]}}],"collection":[{"href":"https:\/\/www.lesmaconsdelacreuse.fr\/annuaires\/wp-json\/wp\/v2\/posts"}],"about":[{"href":"https:\/\/www.lesmaconsdelacreuse.fr\/annuaires\/wp-json\/wp\/v2\/types\/post"}],"author":[{"embeddable":true,"href":"https:\/\/www.lesmaconsdelacreuse.fr\/annuaires\/wp-json\/wp\/v2\/users\/6"}],"replies":[{"embeddable":true,"href":"https:\/\/www.lesmaconsdelacreuse.fr\/annuaires\/wp-json\/wp\/v2\/comments?post=7750"}],"version-history":[{"count":0,"href":"https:\/\/www.lesmaconsdelacreuse.fr\/annuaires\/wp-json\/wp\/v2\/posts\/7750\/revisions"}],"wp:attachment":[{"href":"https:\/\/www.lesmaconsdelacreuse.fr\/annuaires\/wp-json\/wp\/v2\/media?parent=7750"}],"wp:term":[{"taxonomy":"category","embeddable":true,"href":"https:\/\/www.lesmaconsdelacreuse.fr\/annuaires\/wp-json\/wp\/v2\/categories?post=7750"},{"taxonomy":"post_tag","embeddable":true,"href":"https:\/\/www.lesmaconsdelacreuse.fr\/annuaires\/wp-json\/wp\/v2\/tags?post=7750"}],"curies":[{"name":"wp","href":"https:\/\/api.w.org\/{rel}","templated":true}]}}