{"id":7756,"date":"2019-07-28T13:33:39","date_gmt":"2019-07-28T11:33:39","guid":{"rendered":"http:\/\/lesmaconsdelacreuse.fr\/annuaire\/?p=7756"},"modified":"2021-12-13T11:21:09","modified_gmt":"2021-12-13T10:21:09","slug":"l_1130","status":"publish","type":"post","link":"https:\/\/www.lesmaconsdelacreuse.fr\/annuaires\/lettre-l\/l_1130\/","title":{"rendered":"LEMASSON Joseph (1834-1922)"},"content":{"rendered":"<p class=\"last-updated\"><strong>Mis \u00e0 jour le :<\/strong> 01\/05\/2026<\/p><h2 style=\"text-align: center;\"><strong>Joseph LEMASSON<\/strong><\/h2>\n<p style=\"text-align: center;\"><strong>1834 \u2013 1922<\/strong><\/p>\n<p style=\"text-align: center;\"><img loading=\"lazy\" decoding=\"async\" class=\"\" title=\"\" src=\"https:\/\/lesmaconsdelacreuse.fr\/annuaire\/wp-content\/uploads\/2019\/07\/image1-2085.jpg\" alt=\"\" width=\"370\" height=\"134\" data-source-id=\"i.0\" data-asset-id=\"7752\" \/><\/p>\n<h4 style=\"text-align: center;\"><span style=\"color: #008000;\"><strong>ma\u00e7on <\/strong>et<strong> cultivateur<\/strong><\/span><\/h4>\n<p style=\"text-align: center;\">n\u00e9 \u00e0 Champagnat (Saint-Moreil)<\/p>\n<p style=\"text-align: center;\">le 12 ao\u00fbt 1834<\/p>\n<p style=\"text-align: center;\">fils de<\/p>\n<p style=\"text-align: center;\">L\u00e9onard LEMASSON, tisserand<\/p>\n<p style=\"text-align: center;\">Marie DAUCHAISE, cultivatrice<\/p>\n<p style=\"text-align: center;\"><span style=\"color: #ffffff;\">\u25d9<\/span><\/p>\n<p><strong>En 1855<\/strong><em>, Joseph est dispens\u00e9 de service militaire comme a\u00een\u00e9 d\u2019orphelins.<\/em><\/p>\n<p><em>Il \u00e9pouse Anne <\/em><strong>LASFARGEAS<\/strong><em> le 9 f\u00e9vrier <\/em><strong>1858<\/strong><em> \u00e0 Saint-Moreil. Ils habitent le bourg de Saint-Moreil. <\/em><\/p>\n<p><strong>En 1872<\/strong><em>, Joseph travaille \u00e0 <\/em><span style=\"color: #0000ff;\"><strong>Lyon (69)<\/strong><\/span><em>, et loge rue B\u00e9chevelin.<\/em><\/p>\n<p><em>Anne d\u00e9c\u00e8de \u00e0 Naugeat (87) le 4 septembre <\/em><strong>1892<em>.<\/em><\/strong><\/p>\n<p><em> Joseph se remarie le 14 janvier <\/em><strong>1894<\/strong> <em>\u00e0 Saint-Moreil avec Anne <\/em><strong>CHAUM\u00c9NY<\/strong><em> (mari\u00e9s sans contrat).<\/em><\/p>\n<p><em>Les \u00e9poux d\u00e9c\u00e8dent au bourg de Saint-Moreil:<\/em><\/p>\n<ul>\n<li><em>Anne<\/em>, <em>le 19 mai<\/em> <strong>1910<\/strong>,<em> \u00e2g\u00e9e de 70 ans<\/em><\/li>\n<li><em>Joseph, le 17 f\u00e9vrier<\/em> <strong>1922<\/strong>, <em>\u00e2g\u00e9 de 87 ans<\/em><\/li>\n<\/ul>\n","protected":false},"excerpt":{"rendered":"<p>Mis \u00e0 jour le : 01\/05\/2026Joseph LEMASSON 1834 \u2013 1922 ma\u00e7on et cultivateur n\u00e9 \u00e0 Champagnat (Saint-Moreil) le 12 ao\u00fbt 1834 fils de L\u00e9onard LEMASSON, tisserand Marie DAUCHAISE, cultivatrice \u25d9 En 1855, Joseph est dispens\u00e9 de service militaire comme a\u00een\u00e9 d\u2019orphelins. Il \u00e9pouse Anne LASFARGEAS le 9 f\u00e9vrier 1858 \u00e0 Saint-Moreil. Ils habitent le bourg ..<\/p>\n<div class=\"clear-fix\"><\/div>\n<p><a href=\"https:\/\/www.lesmaconsdelacreuse.fr\/annuaires\/lettre-l\/l_1130\/\" title=\"Lire la suite...\">Lire la suite<\/a><\/p>\n","protected":false},"author":6,"featured_media":0,"comment_status":"closed","ping_status":"closed","sticky":false,"template":"","format":"standard","meta":{"_acf_changed":false,"_exactmetrics_skip_tracking":false,"_exactmetrics_sitenote_active":false,"_exactmetrics_sitenote_note":"","_exactmetrics_sitenote_category":0,"footnotes":""},"categories":[19],"tags":[],"class_list":["post-7756","post","type-post","status-publish","format-standard","hentry","category-lettre-l"],"acf":[],"_links":{"self":[{"href":"https:\/\/www.lesmaconsdelacreuse.fr\/annuaires\/wp-json\/wp\/v2\/posts\/7756","targetHints":{"allow":["GET"]}}],"collection":[{"href":"https:\/\/www.lesmaconsdelacreuse.fr\/annuaires\/wp-json\/wp\/v2\/posts"}],"about":[{"href":"https:\/\/www.lesmaconsdelacreuse.fr\/annuaires\/wp-json\/wp\/v2\/types\/post"}],"author":[{"embeddable":true,"href":"https:\/\/www.lesmaconsdelacreuse.fr\/annuaires\/wp-json\/wp\/v2\/users\/6"}],"replies":[{"embeddable":true,"href":"https:\/\/www.lesmaconsdelacreuse.fr\/annuaires\/wp-json\/wp\/v2\/comments?post=7756"}],"version-history":[{"count":3,"href":"https:\/\/www.lesmaconsdelacreuse.fr\/annuaires\/wp-json\/wp\/v2\/posts\/7756\/revisions"}],"predecessor-version":[{"id":193094,"href":"https:\/\/www.lesmaconsdelacreuse.fr\/annuaires\/wp-json\/wp\/v2\/posts\/7756\/revisions\/193094"}],"wp:attachment":[{"href":"https:\/\/www.lesmaconsdelacreuse.fr\/annuaires\/wp-json\/wp\/v2\/media?parent=7756"}],"wp:term":[{"taxonomy":"category","embeddable":true,"href":"https:\/\/www.lesmaconsdelacreuse.fr\/annuaires\/wp-json\/wp\/v2\/categories?post=7756"},{"taxonomy":"post_tag","embeddable":true,"href":"https:\/\/www.lesmaconsdelacreuse.fr\/annuaires\/wp-json\/wp\/v2\/tags?post=7756"}],"curies":[{"name":"wp","href":"https:\/\/api.w.org\/{rel}","templated":true}]}}