{"id":7760,"date":"2019-07-28T13:33:39","date_gmt":"2019-07-28T11:33:39","guid":{"rendered":"http:\/\/lesmaconsdelacreuse.fr\/annuaire\/?p=7760"},"modified":"2023-01-04T07:58:57","modified_gmt":"2023-01-04T06:58:57","slug":"l_1143","status":"publish","type":"post","link":"https:\/\/www.lesmaconsdelacreuse.fr\/annuaires\/lettre-l\/l_1143\/","title":{"rendered":"LEMERLE Jean (vers 1675-1720)"},"content":{"rendered":"<p class=\"last-updated\"><strong>Mis \u00e0 jour le :<\/strong> 01\/05\/2026<\/p><h2 style=\"text-align: center;\"><strong>Jean LEMERLE<\/strong><\/h2>\n<p style=\"text-align: center;\"><strong>vers 1675 \u2013 1720<\/strong><\/p>\n<p style=\"text-align: center;\"><img decoding=\"async\" title=\"\" src=\"https:\/\/lesmaconsdelacreuse.fr\/annuaire\/wp-content\/uploads\/2019\/07\/image1-2088.jpg\" alt=\"\" data-source-id=\"i.0\" data-asset-id=\"7758\" \/><\/p>\n<h4 style=\"text-align: center;\"><span style=\"color: #008000;\"><strong>ma\u00e7on <\/strong>et<strong> laboureur<\/strong><\/span><\/h4>\n<p style=\"text-align: center;\">n\u00e9 \u00e0 Jeansanetas (Roy\u00e8re)\u00a0?<\/p>\n<p style=\"text-align: center;\">vers 1675<\/p>\n<p style=\"text-align: center;\">fils de<\/p>\n<p style=\"text-align: center;\">Jean LEMERLE \/ L\u00e9onarde DURAT<\/p>\n<p style=\"text-align: center;\">laboureurs<\/p>\n<p style=\"text-align: center;\"><span style=\"color: #ffffff;\">\u25d9<\/span><\/p>\n<p><em>Jean \u00e9pouse Blaisie <\/em><strong>BROULLAUD<\/strong><em> le 4 f\u00e9vrier <\/em><strong>1704<\/strong><em> \u00e0 Roy\u00e8re (contrat Faure).<\/em><\/p>\n<p><em> Ils habitent Jeansanetas.<\/em><\/p>\n<p><em> Ils y d\u00e9c\u00e8dent\u00a0:<\/em><\/p>\n<ul>\n<li><em> Blaisie, le 22 juillet <\/em><strong>1719<\/strong>,<em> \u00e2g\u00e9e de 38 ans<\/em><\/li>\n<li><em> Jean, le 27 f\u00e9vrier <\/em><strong>1720<\/strong><em>, \u00e2g\u00e9 de 45 ans environ<\/em><\/li>\n<\/ul>\n<p>S17<\/p>\n","protected":false},"excerpt":{"rendered":"<p>Mis \u00e0 jour le : 01\/05\/2026Jean LEMERLE vers 1675 \u2013 1720 ma\u00e7on et laboureur n\u00e9 \u00e0 Jeansanetas (Roy\u00e8re)\u00a0? vers 1675 fils de Jean LEMERLE \/ L\u00e9onarde DURAT laboureurs \u25d9 Jean \u00e9pouse Blaisie BROULLAUD le 4 f\u00e9vrier 1704 \u00e0 Roy\u00e8re (contrat Faure). Ils habitent Jeansanetas. Ils y d\u00e9c\u00e8dent\u00a0: Blaisie, le 22 juillet 1719, \u00e2g\u00e9e de 38 ..<\/p>\n<div class=\"clear-fix\"><\/div>\n<p><a href=\"https:\/\/www.lesmaconsdelacreuse.fr\/annuaires\/lettre-l\/l_1143\/\" title=\"Lire la suite...\">Lire la suite<\/a><\/p>\n","protected":false},"author":6,"featured_media":0,"comment_status":"closed","ping_status":"closed","sticky":false,"template":"","format":"standard","meta":{"_acf_changed":false,"_exactmetrics_skip_tracking":false,"_exactmetrics_sitenote_active":false,"_exactmetrics_sitenote_note":"","_exactmetrics_sitenote_category":0,"footnotes":""},"categories":[19],"tags":[],"class_list":["post-7760","post","type-post","status-publish","format-standard","hentry","category-lettre-l"],"acf":[],"_links":{"self":[{"href":"https:\/\/www.lesmaconsdelacreuse.fr\/annuaires\/wp-json\/wp\/v2\/posts\/7760","targetHints":{"allow":["GET"]}}],"collection":[{"href":"https:\/\/www.lesmaconsdelacreuse.fr\/annuaires\/wp-json\/wp\/v2\/posts"}],"about":[{"href":"https:\/\/www.lesmaconsdelacreuse.fr\/annuaires\/wp-json\/wp\/v2\/types\/post"}],"author":[{"embeddable":true,"href":"https:\/\/www.lesmaconsdelacreuse.fr\/annuaires\/wp-json\/wp\/v2\/users\/6"}],"replies":[{"embeddable":true,"href":"https:\/\/www.lesmaconsdelacreuse.fr\/annuaires\/wp-json\/wp\/v2\/comments?post=7760"}],"version-history":[{"count":1,"href":"https:\/\/www.lesmaconsdelacreuse.fr\/annuaires\/wp-json\/wp\/v2\/posts\/7760\/revisions"}],"predecessor-version":[{"id":203641,"href":"https:\/\/www.lesmaconsdelacreuse.fr\/annuaires\/wp-json\/wp\/v2\/posts\/7760\/revisions\/203641"}],"wp:attachment":[{"href":"https:\/\/www.lesmaconsdelacreuse.fr\/annuaires\/wp-json\/wp\/v2\/media?parent=7760"}],"wp:term":[{"taxonomy":"category","embeddable":true,"href":"https:\/\/www.lesmaconsdelacreuse.fr\/annuaires\/wp-json\/wp\/v2\/categories?post=7760"},{"taxonomy":"post_tag","embeddable":true,"href":"https:\/\/www.lesmaconsdelacreuse.fr\/annuaires\/wp-json\/wp\/v2\/tags?post=7760"}],"curies":[{"name":"wp","href":"https:\/\/api.w.org\/{rel}","templated":true}]}}