{"id":7763,"date":"2019-07-28T13:33:39","date_gmt":"2019-07-28T11:33:39","guid":{"rendered":"http:\/\/lesmaconsdelacreuse.fr\/annuaire\/?p=7763"},"modified":"2020-01-20T11:29:19","modified_gmt":"2020-01-20T10:29:19","slug":"l_1150","status":"publish","type":"post","link":"https:\/\/www.lesmaconsdelacreuse.fr\/annuaires\/lettre-l\/l_1150\/","title":{"rendered":"LEMOINE \u00c9variste Adrien (1905-1976)"},"content":{"rendered":"<p class=\"last-updated\"><strong>Mis \u00e0 jour le :<\/strong> 01\/05\/2026<\/p><h2 style=\"text-align: center;\"><strong>\u00c9variste Adrien LEMOINE<\/strong><\/h2>\n<p style=\"text-align: center;\"><strong>\u00c9variste LEMOINE<\/strong><\/p>\n<p style=\"text-align: center;\"><strong>1905 \u2013 1976<\/strong><\/p>\n<p style=\"text-align: center;\"><img decoding=\"async\" title=\"\" src=\"https:\/\/lesmaconsdelacreuse.fr\/annuaire\/wp-content\/uploads\/2019\/07\/image1-2090.jpg\" alt=\"\" data-source-id=\"i.0\" data-asset-id=\"7762\" \/><\/p>\n<h4 style=\"text-align: center;\"><span style=\"color: #008000;\"><strong>ma\u00e7on <\/strong>et<strong> cultivateur<\/strong><\/span><\/h4>\n<p style=\"text-align: center;\">n\u00e9 \u00e0 Arpeix (Roy\u00e8re)<\/p>\n<p style=\"text-align: center;\">le 27 juillet 1905<\/p>\n<p style=\"text-align: center;\">fils de<\/p>\n<p style=\"text-align: center;\">Auguste LEMOINE,<span style=\"color: #008000;\"><strong> ma\u00e7on<\/strong><\/span><\/p>\n<p style=\"text-align: center;\">Marie DUMA\u00ceTRE, cultivatrice<\/p>\n<p style=\"text-align: center;\"><span style=\"color: #ffffff;\">\u25d9<\/span><\/p>\n<p><em>\u00c9variste \u00e9pouse \u00c9lise Gilberte Marie <\/em><strong>LOMBARD<\/strong><em> le 10 mars <\/em><strong>1934<\/strong><em> \u00e0 Roy\u00e8re (mari\u00e9s sans contrat). <\/em><\/p>\n<p><strong>En 1976<\/strong><em>, les \u00e9poux habitent <\/em><span style=\"color: #0000ff;\"><strong>Lyon (69)<\/strong><\/span><em>, 53, rue \u00c9tienne Richerand, 3e arrondissement.<\/em><\/p>\n<p><em>\u00c9variste d\u00e9c\u00e8de le 1er f\u00e9vrier de la m\u00eame ann\u00e9e \u00e0 l\u2019H\u00f4pital Rockfeller, 3e arrondissement, \u00e2g\u00e9 de 70 ans.<\/em><\/p>\n","protected":false},"excerpt":{"rendered":"<p>Mis \u00e0 jour le : 01\/05\/2026\u00c9variste Adrien LEMOINE \u00c9variste LEMOINE 1905 \u2013 1976 ma\u00e7on et cultivateur n\u00e9 \u00e0 Arpeix (Roy\u00e8re) le 27 juillet 1905 fils de Auguste LEMOINE, ma\u00e7on Marie DUMA\u00ceTRE, cultivatrice \u25d9 \u00c9variste \u00e9pouse \u00c9lise Gilberte Marie LOMBARD le 10 mars 1934 \u00e0 Roy\u00e8re (mari\u00e9s sans contrat). En 1976, les \u00e9poux habitent Lyon (69), ..<\/p>\n<div class=\"clear-fix\"><\/div>\n<p><a href=\"https:\/\/www.lesmaconsdelacreuse.fr\/annuaires\/lettre-l\/l_1150\/\" title=\"Lire la suite...\">Lire la suite<\/a><\/p>\n","protected":false},"author":6,"featured_media":0,"comment_status":"closed","ping_status":"closed","sticky":false,"template":"","format":"standard","meta":{"_acf_changed":false,"_exactmetrics_skip_tracking":false,"_exactmetrics_sitenote_active":false,"_exactmetrics_sitenote_note":"","_exactmetrics_sitenote_category":0,"footnotes":""},"categories":[19],"tags":[],"class_list":["post-7763","post","type-post","status-publish","format-standard","hentry","category-lettre-l"],"acf":[],"_links":{"self":[{"href":"https:\/\/www.lesmaconsdelacreuse.fr\/annuaires\/wp-json\/wp\/v2\/posts\/7763","targetHints":{"allow":["GET"]}}],"collection":[{"href":"https:\/\/www.lesmaconsdelacreuse.fr\/annuaires\/wp-json\/wp\/v2\/posts"}],"about":[{"href":"https:\/\/www.lesmaconsdelacreuse.fr\/annuaires\/wp-json\/wp\/v2\/types\/post"}],"author":[{"embeddable":true,"href":"https:\/\/www.lesmaconsdelacreuse.fr\/annuaires\/wp-json\/wp\/v2\/users\/6"}],"replies":[{"embeddable":true,"href":"https:\/\/www.lesmaconsdelacreuse.fr\/annuaires\/wp-json\/wp\/v2\/comments?post=7763"}],"version-history":[{"count":0,"href":"https:\/\/www.lesmaconsdelacreuse.fr\/annuaires\/wp-json\/wp\/v2\/posts\/7763\/revisions"}],"wp:attachment":[{"href":"https:\/\/www.lesmaconsdelacreuse.fr\/annuaires\/wp-json\/wp\/v2\/media?parent=7763"}],"wp:term":[{"taxonomy":"category","embeddable":true,"href":"https:\/\/www.lesmaconsdelacreuse.fr\/annuaires\/wp-json\/wp\/v2\/categories?post=7763"},{"taxonomy":"post_tag","embeddable":true,"href":"https:\/\/www.lesmaconsdelacreuse.fr\/annuaires\/wp-json\/wp\/v2\/tags?post=7763"}],"curies":[{"name":"wp","href":"https:\/\/api.w.org\/{rel}","templated":true}]}}