{"id":7776,"date":"2019-07-28T13:33:38","date_gmt":"2019-07-28T11:33:38","guid":{"rendered":"http:\/\/lesmaconsdelacreuse.fr\/annuaire\/?p=7776"},"modified":"2022-04-12T19:15:50","modified_gmt":"2022-04-12T17:15:50","slug":"l_1136","status":"publish","type":"post","link":"https:\/\/www.lesmaconsdelacreuse.fr\/annuaires\/lettre-l\/l_1136\/","title":{"rendered":"LEMASSON Mathieu (1868-1935)"},"content":{"rendered":"<p class=\"last-updated\"><strong>Mis \u00e0 jour le :<\/strong> 01\/05\/2026<\/p><h2 style=\"text-align: center;\"><strong>Mathieu LEMASSON<\/strong><\/h2>\n<p style=\"text-align: center;\"><strong>1868 \u2013 1935<\/strong><\/p>\n<p style=\"text-align: center;\"><img decoding=\"async\" title=\"\" src=\"https:\/\/lesmaconsdelacreuse.fr\/annuaire\/wp-content\/uploads\/2019\/07\/image1-2094.jpg\" alt=\"\" data-source-id=\"i.0\" data-asset-id=\"7773\" \/><\/p>\n<h4 style=\"text-align: center;\"><span style=\"color: #008000;\"><strong>ma\u00e7on, puis concierge<\/strong><\/span><\/h4>\n<p style=\"text-align: center;\">n\u00e9 aux Vedrennes (Montboucher)<\/p>\n<p style=\"text-align: center;\">le 16 ao\u00fbt 1868<\/p>\n<p style=\"text-align: center;\">fils de<\/p>\n<p style=\"text-align: center;\">Jacques LEMASSON, domestique \/ Marguerite DURANT<\/p>\n<p style=\"text-align: center;\"><span style=\"color: #ffffff;\">\u25d9<\/span><\/p>\n<p><strong>En 1890<\/strong>, <em>Mathieu est r\u00e9form\u00e9 pour emphys\u00e8me pulmonaire et faiblesse g\u00e9n\u00e9rale.<\/em><\/p>\n<p><strong>En 1898<\/strong><em>, il travaille \u00e0 <\/em><span style=\"color: #0000ff;\"><strong>Lyon (69)<\/strong><\/span><em> et loge 154, rue Moli\u00e8re.<\/em><\/p>\n<p><em>Il \u00e9pouse Marie <\/em><strong>P\u00c9R\u00c9TOUT<\/strong><em>, cuisini\u00e8re native de Saint-Moreil, le 31 mars de la m\u00eame ann\u00e9e<\/em> <em>\u00e0 Lyon 3e (mari\u00e9s sans contrat). Ils habitent d\u2019abord le bourg de Saint-Moreil.<\/em><\/p>\n<p><strong>De 1915 \u00e0 1935<\/strong><em>, les \u00e9poux habitent Lyon, 25, rue Moncey.<\/em><\/p>\n<p><em>Ils d\u00e9c\u00e8dent, concierges\u00a0:<\/em><\/p>\n<ul>\n<li><em>Marie, \u00e0 l\u2019h\u00f4pital de Lyon 3<sup>e<\/sup>, le 12 d\u00e9cembre <\/em><strong>1934<\/strong><em> \u00e2g\u00e9e de 61 ans<\/em><\/li>\n<li><em>Mathieu, chez lui, rue Moncey, le 24 mars <\/em><strong>1935<\/strong><em>, \u00e2g\u00e9 de 66 ans<\/em><\/li>\n<\/ul>\n","protected":false},"excerpt":{"rendered":"<p>Mis \u00e0 jour le : 01\/05\/2026Mathieu LEMASSON 1868 \u2013 1935 ma\u00e7on, puis concierge n\u00e9 aux Vedrennes (Montboucher) le 16 ao\u00fbt 1868 fils de Jacques LEMASSON, domestique \/ Marguerite DURANT \u25d9 En 1890, Mathieu est r\u00e9form\u00e9 pour emphys\u00e8me pulmonaire et faiblesse g\u00e9n\u00e9rale. En 1898, il travaille \u00e0 Lyon (69) et loge 154, rue Moli\u00e8re. Il \u00e9pouse ..<\/p>\n<div class=\"clear-fix\"><\/div>\n<p><a href=\"https:\/\/www.lesmaconsdelacreuse.fr\/annuaires\/lettre-l\/l_1136\/\" title=\"Lire la suite...\">Lire la suite<\/a><\/p>\n","protected":false},"author":6,"featured_media":0,"comment_status":"closed","ping_status":"closed","sticky":false,"template":"","format":"standard","meta":{"_acf_changed":false,"_exactmetrics_skip_tracking":false,"_exactmetrics_sitenote_active":false,"_exactmetrics_sitenote_note":"","_exactmetrics_sitenote_category":0,"footnotes":""},"categories":[19],"tags":[],"class_list":["post-7776","post","type-post","status-publish","format-standard","hentry","category-lettre-l"],"acf":[],"_links":{"self":[{"href":"https:\/\/www.lesmaconsdelacreuse.fr\/annuaires\/wp-json\/wp\/v2\/posts\/7776","targetHints":{"allow":["GET"]}}],"collection":[{"href":"https:\/\/www.lesmaconsdelacreuse.fr\/annuaires\/wp-json\/wp\/v2\/posts"}],"about":[{"href":"https:\/\/www.lesmaconsdelacreuse.fr\/annuaires\/wp-json\/wp\/v2\/types\/post"}],"author":[{"embeddable":true,"href":"https:\/\/www.lesmaconsdelacreuse.fr\/annuaires\/wp-json\/wp\/v2\/users\/6"}],"replies":[{"embeddable":true,"href":"https:\/\/www.lesmaconsdelacreuse.fr\/annuaires\/wp-json\/wp\/v2\/comments?post=7776"}],"version-history":[{"count":2,"href":"https:\/\/www.lesmaconsdelacreuse.fr\/annuaires\/wp-json\/wp\/v2\/posts\/7776\/revisions"}],"predecessor-version":[{"id":197501,"href":"https:\/\/www.lesmaconsdelacreuse.fr\/annuaires\/wp-json\/wp\/v2\/posts\/7776\/revisions\/197501"}],"wp:attachment":[{"href":"https:\/\/www.lesmaconsdelacreuse.fr\/annuaires\/wp-json\/wp\/v2\/media?parent=7776"}],"wp:term":[{"taxonomy":"category","embeddable":true,"href":"https:\/\/www.lesmaconsdelacreuse.fr\/annuaires\/wp-json\/wp\/v2\/categories?post=7776"},{"taxonomy":"post_tag","embeddable":true,"href":"https:\/\/www.lesmaconsdelacreuse.fr\/annuaires\/wp-json\/wp\/v2\/tags?post=7776"}],"curies":[{"name":"wp","href":"https:\/\/api.w.org\/{rel}","templated":true}]}}