{"id":7780,"date":"2019-07-28T13:33:38","date_gmt":"2019-07-28T11:33:38","guid":{"rendered":"http:\/\/lesmaconsdelacreuse.fr\/annuaire\/?p=7780"},"modified":"2020-01-20T11:29:20","modified_gmt":"2020-01-20T10:29:20","slug":"l_1146","status":"publish","type":"post","link":"https:\/\/www.lesmaconsdelacreuse.fr\/annuaires\/lettre-l\/l_1146\/","title":{"rendered":"LEMOINE Auguste (1880-1946)"},"content":{"rendered":"<p class=\"last-updated\"><strong>Mis \u00e0 jour le :<\/strong> 01\/05\/2026<\/p><h2 style=\"text-align: center;\"><strong>Auguste LEMOINE<\/strong><\/h2>\n<p style=\"text-align: center;\"><strong>1880 \u2013 1946<\/strong><\/p>\n<p style=\"text-align: center;\"><img loading=\"lazy\" decoding=\"async\" class=\"\" title=\"\" src=\"https:\/\/lesmaconsdelacreuse.fr\/annuaire\/wp-content\/uploads\/2019\/07\/image1-2095.jpg\" alt=\"\" width=\"161\" height=\"69\" data-source-id=\"i.0\" data-asset-id=\"7779\" \/><\/p>\n<h4 style=\"text-align: center;\"><span style=\"color: #008000;\"><strong>ma\u00e7on <\/strong>et<strong> cultivateur<\/strong><\/span><\/h4>\n<p style=\"text-align: center;\">n\u00e9 au Verdinand (Saint-Yriex-la-Montagne)<\/p>\n<p style=\"text-align: center;\">le 10 juin 1880<\/p>\n<p style=\"text-align: center;\">fils de<\/p>\n<p style=\"text-align: center;\">Jean-Baptiste \u00c9variste LEMOINE, <span style=\"color: #008000;\"><strong>ma\u00e7on<\/strong><\/span> et <span style=\"color: #008000;\"><strong>tuilier<\/strong><\/span><\/p>\n<p style=\"text-align: center;\">Marie PELIQUE, cultivatrice<\/p>\n<p style=\"text-align: center;\"><span style=\"color: #ffffff;\">\u25d9<\/span><\/p>\n<p><strong>En 1901<\/strong><em>, Auguste habite Arpeix, commune de Roy\u00e8re, avec ses parents. Il est dispens\u00e9 de service militaire comme a\u00een\u00e9 de 8 enfants.<\/em><\/p>\n<p><em> Il \u00e9pouse Marie <\/em><strong>DUMA\u00ceTRE<\/strong><em> le 24 juin <\/em><strong>1903<\/strong><em> \u00e0 Saint-Yriex. Ils habitent Rochas, puis Arpeix. <\/em><\/p>\n<p>En mai <strong>1914<\/strong><em>, Auguste travaille \u00e0 <\/em><span style=\"color: #0000ff;\"><strong>Lyon (69)<\/strong><\/span><em> et loge 81, rue de la Buire.<\/em><\/p>\n<p><em> Il d\u00e9c\u00e8de \u00e0 Rochas le 7 juin <\/em><strong>1946<\/strong><em>, \u00e2g\u00e9 de 65 ans.<\/em><\/p>\n","protected":false},"excerpt":{"rendered":"<p>Mis \u00e0 jour le : 01\/05\/2026Auguste LEMOINE 1880 \u2013 1946 ma\u00e7on et cultivateur n\u00e9 au Verdinand (Saint-Yriex-la-Montagne) le 10 juin 1880 fils de Jean-Baptiste \u00c9variste LEMOINE, ma\u00e7on et tuilier Marie PELIQUE, cultivatrice \u25d9 En 1901, Auguste habite Arpeix, commune de Roy\u00e8re, avec ses parents. Il est dispens\u00e9 de service militaire comme a\u00een\u00e9 de 8 enfants. ..<\/p>\n<div class=\"clear-fix\"><\/div>\n<p><a href=\"https:\/\/www.lesmaconsdelacreuse.fr\/annuaires\/lettre-l\/l_1146\/\" title=\"Lire la suite...\">Lire la suite<\/a><\/p>\n","protected":false},"author":6,"featured_media":0,"comment_status":"closed","ping_status":"closed","sticky":false,"template":"","format":"standard","meta":{"_acf_changed":false,"_exactmetrics_skip_tracking":false,"_exactmetrics_sitenote_active":false,"_exactmetrics_sitenote_note":"","_exactmetrics_sitenote_category":0,"footnotes":""},"categories":[19],"tags":[],"class_list":["post-7780","post","type-post","status-publish","format-standard","hentry","category-lettre-l"],"acf":[],"_links":{"self":[{"href":"https:\/\/www.lesmaconsdelacreuse.fr\/annuaires\/wp-json\/wp\/v2\/posts\/7780","targetHints":{"allow":["GET"]}}],"collection":[{"href":"https:\/\/www.lesmaconsdelacreuse.fr\/annuaires\/wp-json\/wp\/v2\/posts"}],"about":[{"href":"https:\/\/www.lesmaconsdelacreuse.fr\/annuaires\/wp-json\/wp\/v2\/types\/post"}],"author":[{"embeddable":true,"href":"https:\/\/www.lesmaconsdelacreuse.fr\/annuaires\/wp-json\/wp\/v2\/users\/6"}],"replies":[{"embeddable":true,"href":"https:\/\/www.lesmaconsdelacreuse.fr\/annuaires\/wp-json\/wp\/v2\/comments?post=7780"}],"version-history":[{"count":0,"href":"https:\/\/www.lesmaconsdelacreuse.fr\/annuaires\/wp-json\/wp\/v2\/posts\/7780\/revisions"}],"wp:attachment":[{"href":"https:\/\/www.lesmaconsdelacreuse.fr\/annuaires\/wp-json\/wp\/v2\/media?parent=7780"}],"wp:term":[{"taxonomy":"category","embeddable":true,"href":"https:\/\/www.lesmaconsdelacreuse.fr\/annuaires\/wp-json\/wp\/v2\/categories?post=7780"},{"taxonomy":"post_tag","embeddable":true,"href":"https:\/\/www.lesmaconsdelacreuse.fr\/annuaires\/wp-json\/wp\/v2\/tags?post=7780"}],"curies":[{"name":"wp","href":"https:\/\/api.w.org\/{rel}","templated":true}]}}