{"id":7788,"date":"2019-07-28T13:33:36","date_gmt":"2019-07-28T11:33:36","guid":{"rendered":"http:\/\/lesmaconsdelacreuse.fr\/annuaire\/?p=7788"},"modified":"2020-01-20T11:29:22","modified_gmt":"2020-01-20T10:29:22","slug":"l_1428","status":"publish","type":"post","link":"https:\/\/www.lesmaconsdelacreuse.fr\/annuaires\/lettre-l\/l_1428\/","title":{"rendered":"LENOIR Martin (vers 1750-1782)"},"content":{"rendered":"<p class=\"last-updated\"><strong>Mis \u00e0 jour le :<\/strong> 01\/05\/2026<\/p><h2 style=\"text-align: center;\"><strong>Martin LENOIR<\/strong><\/h2>\n<p style=\"text-align: center;\"><strong>vers 1750 \u2013 1782<\/strong><\/p>\n<p style=\"text-align: center;\"><img decoding=\"async\" title=\"\" src=\"https:\/\/lesmaconsdelacreuse.fr\/annuaire\/wp-content\/uploads\/2019\/07\/image1-2097.jpg\" alt=\"\" data-source-id=\"i.0\" data-asset-id=\"7787\" \/><\/p>\n<h4 style=\"text-align: center;\"><span style=\"color: #008000;\"><strong>ma\u00e7on<\/strong><\/span><\/h4>\n<p style=\"text-align: center;\">n\u00e9 \u00e0 Saint-Martin-Ch\u00e2teau\u00a0?<\/p>\n<p style=\"text-align: center;\">vers 1757<\/p>\n<p style=\"text-align: center;\">fils de<\/p>\n<p style=\"text-align: center;\">Jean LENOIR \/ Marie LENOIR<\/p>\n<p style=\"text-align: center;\">laboureurs<\/p>\n<p style=\"text-align: center;\"><span style=\"color: #ffffff;\">\u25d9<\/span><\/p>\n<p><em>Martin \u00e9pouse Fran\u00e7oise <\/em><strong>FANTON<\/strong><em> le 16 f\u00e9vrier <\/em><strong>1773<\/strong><em> \u00e0 Saint-Pardoux-Lavaud.<\/em><\/p>\n<p><em> Ils habitent Boussac, paroisse de Saint-Martin.<\/em><\/p>\n<p><em> Ils y d\u00e9c\u00e8dent\u00a0:<\/em><\/p>\n<ul>\n<li><em>Martin, le 30 d\u00e9cembre <\/em><strong>1782<\/strong>,<em> \u00e2g\u00e9 de 32 ans environ<\/em><\/li>\n<li><em>Fran\u00e7oise, le 5 mars <\/em><strong>1784,<\/strong><em> \u00e2g\u00e9e de 29 ans environ<\/em><\/li>\n<\/ul>\n","protected":false},"excerpt":{"rendered":"<p>Mis \u00e0 jour le : 01\/05\/2026Martin LENOIR vers 1750 \u2013 1782 ma\u00e7on n\u00e9 \u00e0 Saint-Martin-Ch\u00e2teau\u00a0? vers 1757 fils de Jean LENOIR \/ Marie LENOIR laboureurs \u25d9 Martin \u00e9pouse Fran\u00e7oise FANTON le 16 f\u00e9vrier 1773 \u00e0 Saint-Pardoux-Lavaud. Ils habitent Boussac, paroisse de Saint-Martin. Ils y d\u00e9c\u00e8dent\u00a0: Martin, le 30 d\u00e9cembre 1782, \u00e2g\u00e9 de 32 ans environ ..<\/p>\n<div class=\"clear-fix\"><\/div>\n<p><a href=\"https:\/\/www.lesmaconsdelacreuse.fr\/annuaires\/lettre-l\/l_1428\/\" title=\"Lire la suite...\">Lire la suite<\/a><\/p>\n","protected":false},"author":6,"featured_media":0,"comment_status":"closed","ping_status":"closed","sticky":false,"template":"","format":"standard","meta":{"_acf_changed":false,"_exactmetrics_skip_tracking":false,"_exactmetrics_sitenote_active":false,"_exactmetrics_sitenote_note":"","_exactmetrics_sitenote_category":0,"footnotes":""},"categories":[19],"tags":[],"class_list":["post-7788","post","type-post","status-publish","format-standard","hentry","category-lettre-l"],"acf":[],"_links":{"self":[{"href":"https:\/\/www.lesmaconsdelacreuse.fr\/annuaires\/wp-json\/wp\/v2\/posts\/7788","targetHints":{"allow":["GET"]}}],"collection":[{"href":"https:\/\/www.lesmaconsdelacreuse.fr\/annuaires\/wp-json\/wp\/v2\/posts"}],"about":[{"href":"https:\/\/www.lesmaconsdelacreuse.fr\/annuaires\/wp-json\/wp\/v2\/types\/post"}],"author":[{"embeddable":true,"href":"https:\/\/www.lesmaconsdelacreuse.fr\/annuaires\/wp-json\/wp\/v2\/users\/6"}],"replies":[{"embeddable":true,"href":"https:\/\/www.lesmaconsdelacreuse.fr\/annuaires\/wp-json\/wp\/v2\/comments?post=7788"}],"version-history":[{"count":0,"href":"https:\/\/www.lesmaconsdelacreuse.fr\/annuaires\/wp-json\/wp\/v2\/posts\/7788\/revisions"}],"wp:attachment":[{"href":"https:\/\/www.lesmaconsdelacreuse.fr\/annuaires\/wp-json\/wp\/v2\/media?parent=7788"}],"wp:term":[{"taxonomy":"category","embeddable":true,"href":"https:\/\/www.lesmaconsdelacreuse.fr\/annuaires\/wp-json\/wp\/v2\/categories?post=7788"},{"taxonomy":"post_tag","embeddable":true,"href":"https:\/\/www.lesmaconsdelacreuse.fr\/annuaires\/wp-json\/wp\/v2\/tags?post=7788"}],"curies":[{"name":"wp","href":"https:\/\/api.w.org\/{rel}","templated":true}]}}