{"id":7791,"date":"2019-07-28T13:33:37","date_gmt":"2019-07-28T11:33:37","guid":{"rendered":"http:\/\/lesmaconsdelacreuse.fr\/annuaire\/?p=7791"},"modified":"2020-01-20T11:29:21","modified_gmt":"2020-01-20T10:29:21","slug":"l_1438","status":"publish","type":"post","link":"https:\/\/www.lesmaconsdelacreuse.fr\/annuaires\/lettre-l\/l_1438\/","title":{"rendered":"LENOIR Philippe (1837-1915)"},"content":{"rendered":"<p class=\"last-updated\"><strong>Mis \u00e0 jour le :<\/strong> 01\/05\/2026<\/p><h2 style=\"text-align: center;\"><strong>Philippe LENOIR<\/strong><\/h2>\n<p style=\"text-align: center;\"><strong>1837 \u2013 1915<\/strong><\/p>\n<p style=\"text-align: center;\"><img decoding=\"async\" title=\"\" src=\"https:\/\/lesmaconsdelacreuse.fr\/annuaire\/wp-content\/uploads\/2019\/07\/image1-2097.jpg\" alt=\"\" data-source-id=\"i.0\" data-asset-id=\"7786\" \/><\/p>\n<h4 style=\"text-align: center;\"><span style=\"color: #008000;\"><strong>ma\u00e7on <\/strong>et <strong>propri\u00e9taire cultivateur<\/strong><\/span><\/h4>\n<p style=\"text-align: center;\">n\u00e9 \u00e0 Haute-Faye (Roy\u00e8re)<\/p>\n<p style=\"text-align: center;\">le 17 ao\u00fbt 1837<\/p>\n<p style=\"text-align: center;\">fils de<\/p>\n<p style=\"text-align: center;\">Philippe LENOIR, <span style=\"color: #008000;\"><strong>ma\u00e7on <\/strong><\/span><strong>\/ <\/strong>Marie CONILLE<\/p>\n<p style=\"text-align: center;\">propri\u00e9taires cultivateurs<\/p>\n<p style=\"text-align: center;\"><span style=\"color: #ffffff;\">\u25d9<\/span><\/p>\n<p><strong>En 1858<\/strong><em>, Philippe est exempt\u00e9 de service militaire pour d\u00e9faut de taille.<\/em><\/p>\n<p><em>Il \u00e9pouse Marie <\/em><strong>COUTISSON<\/strong><em> le 28 janvier <\/em><strong>1864<\/strong><em> \u00e0 Roy\u00e8re\u00a0 (contrat Toumieux). Ils vivent \u00e0 Haute-Faye.<\/em><\/p>\n<p><em>Marie y d\u00e9c\u00e8de le 30 novembre <\/em><strong>1887<\/strong><em>, \u00e2g\u00e9e de 46 ans. <\/em><\/p>\n<p><em>Philippe se remarie avec L\u00e9onarde <\/em><strong>MAZALERAS<\/strong><em> le 11 avril <\/em><strong>1889<\/strong> <em>\u00e0 Roy\u00e8re (contrat Toumieux). <\/em><\/p>\n<p><em>Ils d\u00e9c\u00e8dent \u00e0 Haute-Faye\u00a0:<\/em><\/p>\n<ul>\n<li><em>L\u00e9onarde, le 7 mai <\/em><strong>1902<\/strong><em>, \u00e2g\u00e9e de 63 ans environ<\/em><\/li>\n<li><em>Philippe, le 19 f\u00e9vrier <\/em><strong>1915<\/strong><em>, \u00e2g\u00e9 de 77 ans<\/em><\/li>\n<\/ul>\n","protected":false},"excerpt":{"rendered":"<p>Mis \u00e0 jour le : 01\/05\/2026Philippe LENOIR 1837 \u2013 1915 ma\u00e7on et propri\u00e9taire cultivateur n\u00e9 \u00e0 Haute-Faye (Roy\u00e8re) le 17 ao\u00fbt 1837 fils de Philippe LENOIR, ma\u00e7on \/ Marie CONILLE propri\u00e9taires cultivateurs \u25d9 En 1858, Philippe est exempt\u00e9 de service militaire pour d\u00e9faut de taille. Il \u00e9pouse Marie COUTISSON le 28 janvier 1864 \u00e0 Roy\u00e8re\u00a0 ..<\/p>\n<div class=\"clear-fix\"><\/div>\n<p><a href=\"https:\/\/www.lesmaconsdelacreuse.fr\/annuaires\/lettre-l\/l_1438\/\" title=\"Lire la suite...\">Lire la suite<\/a><\/p>\n","protected":false},"author":6,"featured_media":0,"comment_status":"closed","ping_status":"closed","sticky":false,"template":"","format":"standard","meta":{"_acf_changed":false,"_exactmetrics_skip_tracking":false,"_exactmetrics_sitenote_active":false,"_exactmetrics_sitenote_note":"","_exactmetrics_sitenote_category":0,"footnotes":""},"categories":[19],"tags":[],"class_list":["post-7791","post","type-post","status-publish","format-standard","hentry","category-lettre-l"],"acf":[],"_links":{"self":[{"href":"https:\/\/www.lesmaconsdelacreuse.fr\/annuaires\/wp-json\/wp\/v2\/posts\/7791","targetHints":{"allow":["GET"]}}],"collection":[{"href":"https:\/\/www.lesmaconsdelacreuse.fr\/annuaires\/wp-json\/wp\/v2\/posts"}],"about":[{"href":"https:\/\/www.lesmaconsdelacreuse.fr\/annuaires\/wp-json\/wp\/v2\/types\/post"}],"author":[{"embeddable":true,"href":"https:\/\/www.lesmaconsdelacreuse.fr\/annuaires\/wp-json\/wp\/v2\/users\/6"}],"replies":[{"embeddable":true,"href":"https:\/\/www.lesmaconsdelacreuse.fr\/annuaires\/wp-json\/wp\/v2\/comments?post=7791"}],"version-history":[{"count":0,"href":"https:\/\/www.lesmaconsdelacreuse.fr\/annuaires\/wp-json\/wp\/v2\/posts\/7791\/revisions"}],"wp:attachment":[{"href":"https:\/\/www.lesmaconsdelacreuse.fr\/annuaires\/wp-json\/wp\/v2\/media?parent=7791"}],"wp:term":[{"taxonomy":"category","embeddable":true,"href":"https:\/\/www.lesmaconsdelacreuse.fr\/annuaires\/wp-json\/wp\/v2\/categories?post=7791"},{"taxonomy":"post_tag","embeddable":true,"href":"https:\/\/www.lesmaconsdelacreuse.fr\/annuaires\/wp-json\/wp\/v2\/tags?post=7791"}],"curies":[{"name":"wp","href":"https:\/\/api.w.org\/{rel}","templated":true}]}}