{"id":7793,"date":"2019-07-28T13:33:36","date_gmt":"2019-07-28T11:33:36","guid":{"rendered":"http:\/\/lesmaconsdelacreuse.fr\/annuaire\/?p=7793"},"modified":"2020-10-03T08:53:48","modified_gmt":"2020-10-03T06:53:48","slug":"l_1437","status":"publish","type":"post","link":"https:\/\/www.lesmaconsdelacreuse.fr\/annuaires\/lettre-l\/l_1437\/","title":{"rendered":"LENOIR Philippe (1801-1869)"},"content":{"rendered":"<p class=\"last-updated\"><strong>Mis \u00e0 jour le :<\/strong> 01\/05\/2026<\/p><h2 style=\"text-align: center;\"><strong>Philippe LENOIR<\/strong><\/h2>\n<p style=\"text-align: center;\"><strong>1801 \u2013 1869<\/strong><\/p>\n<p style=\"text-align: center;\"><img decoding=\"async\" title=\"\" src=\"https:\/\/lesmaconsdelacreuse.fr\/annuaire\/wp-content\/uploads\/2019\/07\/image1-2098.jpg\" alt=\"\" data-source-id=\"i.0\" data-asset-id=\"7792\" \/><\/p>\n<h4 style=\"text-align: center;\"><span style=\"color: #008000;\"><strong>ma\u00e7on <\/strong>et <strong>propri\u00e9taire cultivateur<\/strong><\/span><\/h4>\n<p>&nbsp;<\/p>\n<p style=\"text-align: center;\">n\u00e9 \u00e0 Haute-Faye (Roy\u00e8re)<\/p>\n<p style=\"text-align: center;\">le 25 flor\u00e9al an IX (15 mai 1801)<\/p>\n<p style=\"text-align: center;\"><em>selon \u25ba<a href=\"https:\/\/www.lesmaconsdelacreuse.fr\/annuaires\/wp-content\/uploads\/2019\/08\/ACTE-DE-NOTORI\u00c9T\u00c9.png\" target=\"_blank\" rel=\"noopener noreferrer\">acte de notori\u00e9t\u00e9<\/a><br \/>\n<\/em><\/p>\n<p style=\"text-align: center;\">fils de<\/p>\n<p style=\"text-align: center;\">Fran\u00e7ois LENOIR \/ Th\u00e9r\u00e8se BOURDEAU<\/p>\n<p style=\"text-align: center;\">laboureurs<\/p>\n<p style=\"text-align: center;\"><span style=\"color: #ffffff;\">\u25d9<\/span><\/p>\n<p><em>Philippe \u00e9pouse Marie <\/em><strong>LENOIR<\/strong><em> le 18 f\u00e9vrier <\/em><strong>1827<\/strong> <em>\u00e0 Roy\u00e8re (contrat Coutisson). <\/em><\/p>\n<p><em>Marie d\u00e9c\u00e8de \u00e0 Haute-Faye le 22 septembre <\/em><strong>1828<\/strong><em>, \u00e2g\u00e9e de 25 ans. <\/em><\/p>\n<p><em>Philippe se remarie le 12 f\u00e9vrier <\/em><strong>1833<\/strong><em> \u00e0 Roy\u00e8re avec Marie <\/em><strong>CONILLE<\/strong><em> (contrat Toumieux).<\/em><\/p>\n<p><em> Ils habitent Haute-Faye o\u00f9 d\u00e9c\u00e8de Philippe le 14 f\u00e9vrier <\/em><strong>1869<\/strong><em>, \u00e2g\u00e9 de 67 ans.<\/em><\/p>\n<p>&nbsp;<\/p>\n","protected":false},"excerpt":{"rendered":"<p>Mis \u00e0 jour le : 01\/05\/2026Philippe LENOIR 1801 \u2013 1869 ma\u00e7on et propri\u00e9taire cultivateur &nbsp; n\u00e9 \u00e0 Haute-Faye (Roy\u00e8re) le 25 flor\u00e9al an IX (15 mai 1801) selon \u25baacte de notori\u00e9t\u00e9 fils de Fran\u00e7ois LENOIR \/ Th\u00e9r\u00e8se BOURDEAU laboureurs \u25d9 Philippe \u00e9pouse Marie LENOIR le 18 f\u00e9vrier 1827 \u00e0 Roy\u00e8re (contrat Coutisson). Marie d\u00e9c\u00e8de \u00e0 ..<\/p>\n<div class=\"clear-fix\"><\/div>\n<p><a href=\"https:\/\/www.lesmaconsdelacreuse.fr\/annuaires\/lettre-l\/l_1437\/\" title=\"Lire la suite...\">Lire la suite<\/a><\/p>\n","protected":false},"author":6,"featured_media":0,"comment_status":"closed","ping_status":"closed","sticky":false,"template":"","format":"standard","meta":{"_acf_changed":false,"_exactmetrics_skip_tracking":false,"_exactmetrics_sitenote_active":false,"_exactmetrics_sitenote_note":"","_exactmetrics_sitenote_category":0,"footnotes":""},"categories":[19],"tags":[],"class_list":["post-7793","post","type-post","status-publish","format-standard","hentry","category-lettre-l"],"acf":[],"_links":{"self":[{"href":"https:\/\/www.lesmaconsdelacreuse.fr\/annuaires\/wp-json\/wp\/v2\/posts\/7793","targetHints":{"allow":["GET"]}}],"collection":[{"href":"https:\/\/www.lesmaconsdelacreuse.fr\/annuaires\/wp-json\/wp\/v2\/posts"}],"about":[{"href":"https:\/\/www.lesmaconsdelacreuse.fr\/annuaires\/wp-json\/wp\/v2\/types\/post"}],"author":[{"embeddable":true,"href":"https:\/\/www.lesmaconsdelacreuse.fr\/annuaires\/wp-json\/wp\/v2\/users\/6"}],"replies":[{"embeddable":true,"href":"https:\/\/www.lesmaconsdelacreuse.fr\/annuaires\/wp-json\/wp\/v2\/comments?post=7793"}],"version-history":[{"count":0,"href":"https:\/\/www.lesmaconsdelacreuse.fr\/annuaires\/wp-json\/wp\/v2\/posts\/7793\/revisions"}],"wp:attachment":[{"href":"https:\/\/www.lesmaconsdelacreuse.fr\/annuaires\/wp-json\/wp\/v2\/media?parent=7793"}],"wp:term":[{"taxonomy":"category","embeddable":true,"href":"https:\/\/www.lesmaconsdelacreuse.fr\/annuaires\/wp-json\/wp\/v2\/categories?post=7793"},{"taxonomy":"post_tag","embeddable":true,"href":"https:\/\/www.lesmaconsdelacreuse.fr\/annuaires\/wp-json\/wp\/v2\/tags?post=7793"}],"curies":[{"name":"wp","href":"https:\/\/api.w.org\/{rel}","templated":true}]}}