{"id":7799,"date":"2019-07-28T13:33:34","date_gmt":"2019-07-28T11:33:34","guid":{"rendered":"http:\/\/lesmaconsdelacreuse.fr\/annuaire\/?p=7799"},"modified":"2020-01-20T11:29:23","modified_gmt":"2020-01-20T10:29:23","slug":"l_1442","status":"publish","type":"post","link":"https:\/\/www.lesmaconsdelacreuse.fr\/annuaires\/lettre-l\/l_1442\/","title":{"rendered":"LENOIR Pierre (1817-1889)"},"content":{"rendered":"<p class=\"last-updated\"><strong>Mis \u00e0 jour le :<\/strong> 01\/05\/2026<\/p><h2 style=\"text-align: center;\"><strong>Pierre LENOIR<\/strong><\/h2>\n<p style=\"text-align: center;\"><strong>1817 \u2013 1889<\/strong><\/p>\n<p style=\"text-align: center;\"><img decoding=\"async\" title=\"\" src=\"https:\/\/lesmaconsdelacreuse.fr\/annuaire\/wp-content\/uploads\/2019\/07\/image1-2100.jpg\" alt=\"\" data-source-id=\"i.0\" data-asset-id=\"7796\" \/><\/p>\n<h4 style=\"text-align: center;\"><span style=\"color: #008000;\"><strong>ma\u00e7on <\/strong>puis<strong> concierge<\/strong>; <strong>propri\u00e9taire cultivateur<\/strong><\/span><\/h4>\n<p style=\"text-align: center;\">n\u00e9 \u00e0 La Chaise (Saint-Pardoux-Lavaud)<\/p>\n<p style=\"text-align: center;\">le 25 d\u00e9cembre 1817<\/p>\n<p style=\"text-align: center;\">fils de<\/p>\n<p style=\"text-align: center;\">Pierre LENOIR \/ Catherine LEGRAND<\/p>\n<p style=\"text-align: center;\">propri\u00e9taires cultivateurs<\/p>\n<p style=\"text-align: center;\"><span style=\"color: #ffffff;\">\u25d9<\/span><\/p>\n<p><strong>En 1838<\/strong><em>, Pierre, <\/em><span style=\"color: #008000;\"><strong>ma\u00e7on<\/strong><\/span><em>, est exempt\u00e9 de service militaire comme fr\u00e8re d\u2019un soldat en disponibilit\u00e9.<\/em><\/p>\n<p><em>Il \u00e9pouse Jeanne <\/em><strong>P\u00c9CHALAT <\/strong><em>le 19 f\u00e9vrier <\/em><strong>1844<\/strong> <em>\u00e0 Saint-Pardoux-Lavaud\u00a0(contrat Rouchon \u00e0 Bourganeuf). Ils habitent d\u2019abord Buze.<\/em><\/p>\n<p><strong>En 1850<\/strong><em>, Pierre travaille \u00e0 <\/em><span style=\"color: #0000ff;\"><strong>Lyon (69)<\/strong><\/span><em>, et loge 33, rue de l\u2019H\u00f4pital, chez Fazille, 2e arrondissement.<\/em><\/p>\n<p><strong>En 1861 et 1870<\/strong><em>, les \u00e9poux sont \u00e0 <\/em><span style=\"color: #0000ff;\"><strong>Oullins<\/strong> <strong>(69)<\/strong><\/span><em>\u00a0;<\/em><\/p>\n<p><strong>en 1872<\/strong><em>, de nouveau \u00e0 Lyon, 42, rue Montesquieu.<\/em><\/p>\n<p><strong>en 1874 et 1876<\/strong><em>, 14, rue Moncey<\/em><strong>\u00a0<\/strong><em>.<\/em><\/p>\n<p><strong>De 1880 \u00e0 1884<\/strong><em> au moins, ils sont <\/em><span style=\"color: #008000;\"><strong>concierges<\/strong><\/span><em>, 41, rue de l\u2019H\u00f4tel de Ville.<\/em><\/p>\n<p><em> Ils d\u00e9c\u00e8dent au Massadour, commune de Saint-Pardoux\u00a0:<\/em><\/p>\n<ul>\n<li><em>Pierre, le 11 avril <\/em><strong>1889<\/strong><em>, \u00e2g\u00e9 de 71 ans<\/em><\/li>\n<li><em>Jeanne, le 22 ao\u00fbt <\/em><strong>1906<\/strong><em>, \u00e2g\u00e9e de 78 ans<\/em><\/li>\n<\/ul>\n","protected":false},"excerpt":{"rendered":"<p>Mis \u00e0 jour le : 01\/05\/2026Pierre LENOIR 1817 \u2013 1889 ma\u00e7on puis concierge; propri\u00e9taire cultivateur n\u00e9 \u00e0 La Chaise (Saint-Pardoux-Lavaud) le 25 d\u00e9cembre 1817 fils de Pierre LENOIR \/ Catherine LEGRAND propri\u00e9taires cultivateurs \u25d9 En 1838, Pierre, ma\u00e7on, est exempt\u00e9 de service militaire comme fr\u00e8re d\u2019un soldat en disponibilit\u00e9. Il \u00e9pouse Jeanne P\u00c9CHALAT le 19 ..<\/p>\n<div class=\"clear-fix\"><\/div>\n<p><a href=\"https:\/\/www.lesmaconsdelacreuse.fr\/annuaires\/lettre-l\/l_1442\/\" title=\"Lire la suite...\">Lire la suite<\/a><\/p>\n","protected":false},"author":6,"featured_media":0,"comment_status":"closed","ping_status":"closed","sticky":false,"template":"","format":"standard","meta":{"_acf_changed":false,"_exactmetrics_skip_tracking":false,"_exactmetrics_sitenote_active":false,"_exactmetrics_sitenote_note":"","_exactmetrics_sitenote_category":0,"footnotes":""},"categories":[19],"tags":[],"class_list":["post-7799","post","type-post","status-publish","format-standard","hentry","category-lettre-l"],"acf":[],"_links":{"self":[{"href":"https:\/\/www.lesmaconsdelacreuse.fr\/annuaires\/wp-json\/wp\/v2\/posts\/7799","targetHints":{"allow":["GET"]}}],"collection":[{"href":"https:\/\/www.lesmaconsdelacreuse.fr\/annuaires\/wp-json\/wp\/v2\/posts"}],"about":[{"href":"https:\/\/www.lesmaconsdelacreuse.fr\/annuaires\/wp-json\/wp\/v2\/types\/post"}],"author":[{"embeddable":true,"href":"https:\/\/www.lesmaconsdelacreuse.fr\/annuaires\/wp-json\/wp\/v2\/users\/6"}],"replies":[{"embeddable":true,"href":"https:\/\/www.lesmaconsdelacreuse.fr\/annuaires\/wp-json\/wp\/v2\/comments?post=7799"}],"version-history":[{"count":0,"href":"https:\/\/www.lesmaconsdelacreuse.fr\/annuaires\/wp-json\/wp\/v2\/posts\/7799\/revisions"}],"wp:attachment":[{"href":"https:\/\/www.lesmaconsdelacreuse.fr\/annuaires\/wp-json\/wp\/v2\/media?parent=7799"}],"wp:term":[{"taxonomy":"category","embeddable":true,"href":"https:\/\/www.lesmaconsdelacreuse.fr\/annuaires\/wp-json\/wp\/v2\/categories?post=7799"},{"taxonomy":"post_tag","embeddable":true,"href":"https:\/\/www.lesmaconsdelacreuse.fr\/annuaires\/wp-json\/wp\/v2\/tags?post=7799"}],"curies":[{"name":"wp","href":"https:\/\/api.w.org\/{rel}","templated":true}]}}