{"id":7805,"date":"2019-07-28T13:33:34","date_gmt":"2019-07-28T11:33:34","guid":{"rendered":"http:\/\/lesmaconsdelacreuse.fr\/annuaire\/?p=7805"},"modified":"2022-06-07T07:39:51","modified_gmt":"2022-06-07T05:39:51","slug":"l_1378","status":"publish","type":"post","link":"https:\/\/www.lesmaconsdelacreuse.fr\/annuaires\/lettre-l\/l_1378\/","title":{"rendered":"LENOIR L\u00e9onard (1825-apr\u00e8s 1872)"},"content":{"rendered":"<p class=\"last-updated\"><strong>Mis \u00e0 jour le :<\/strong> 01\/05\/2026<\/p><h2 style=\"text-align: center;\"><strong>L\u00e9onard LENOIR<\/strong><\/h2>\n<p style=\"text-align: center;\"><strong>1825 &#8211; apr\u00e8s 1872<\/strong><\/p>\n<p><a href=\"https:\/\/www.lesmaconsdelacreuse.fr\/annuaires\/wp-content\/uploads\/2019\/07\/LENOIR-Leonard-1825.jpg\"><img loading=\"lazy\" decoding=\"async\" class=\" wp-image-200020 aligncenter\" src=\"https:\/\/www.lesmaconsdelacreuse.fr\/annuaires\/wp-content\/uploads\/2019\/07\/LENOIR-Leonard-1825.jpg\" alt=\"\" width=\"118\" height=\"69\" srcset=\"https:\/\/www.lesmaconsdelacreuse.fr\/annuaires\/wp-content\/uploads\/2019\/07\/LENOIR-Leonard-1825.jpg 92w, https:\/\/www.lesmaconsdelacreuse.fr\/annuaires\/wp-content\/uploads\/2019\/07\/LENOIR-Leonard-1825-16x9.jpg 16w\" sizes=\"auto, (max-width: 118px) 100vw, 118px\" \/><\/a><\/p>\n<h4 style=\"text-align: center;\"><strong><span style=\"color: #008000;\">tailleur de pierre <\/span><\/strong><span style=\"color: #008000;\">et<\/span><strong><span style=\"color: #008000;\"> \u25ba <a href=\"https:\/\/www.lesmaconsdelacreuse.fr\/annuaires\/wp-content\/uploads\/2020\/07\/MA\u00ceTRE-MA\u00c7ON.png\" target=\"_blank\" rel=\"noopener noreferrer\"><span style=\"color: #008000;\">ma\u00eetre ma\u00e7on<\/span><\/a><\/span><\/strong><\/h4>\n<p>&nbsp;<\/p>\n<p style=\"text-align: center;\">n\u00e9 \u00e0 Peyrat-le-Ch\u00e2teau (87)<\/p>\n<p style=\"text-align: center;\">le 18 d\u00e9cembre 1825<\/p>\n<p style=\"text-align: center;\">fils de<\/p>\n<p style=\"text-align: center;\">Barth\u00e9l\u00e9my LENOIR \/ Marguerite DELANGLE<\/p>\n<p style=\"text-align: center;\">propri\u00e9taires cultivateurs<\/p>\n<p>&nbsp;<\/p>\n<p><em>L\u00e9onard habite le bourg de Roy\u00e8re avec ses parents.<\/em><\/p>\n<p><em>\u00a0<\/em><strong>En 1851<\/strong><em>, <\/em><span style=\"color: #008000;\"><strong>tailleur de pierre<\/strong><\/span><em>, il travaille en Charente, habitant\u00a0 Villeneuve, commune de <\/em><strong><span style=\"color: #0000ff;\">Chassors (16)<\/span>.<\/strong><\/p>\n<p><strong>\u00a0<\/strong><em>Il y \u00e9pouse Marie <\/em><strong>VOYER,<\/strong><em> le 20 mai de la m\u00eame ann\u00e9e<\/em><\/p>\n<p><em>\u00a0<\/em><em>Ils habitent Villeneuve, et y sont encore en<\/em> <strong>1872<\/strong><em>, L\u00e9onard \u00e9tant \u00a0<\/em><span style=\"color: #008000;\"><strong>ma\u00eetre ma\u00e7on<\/strong><em>.<\/em><\/span><\/p>\n<p style=\"text-align: center;\"><span style=\"color: #ffffff;\">\u25d9<\/span><\/p>\n<p>&nbsp;<\/p>\n<p><em>\u00a0<\/em><\/p>\n","protected":false},"excerpt":{"rendered":"<p>Mis \u00e0 jour le : 01\/05\/2026L\u00e9onard LENOIR 1825 &#8211; apr\u00e8s 1872 tailleur de pierre et \u25ba ma\u00eetre ma\u00e7on &nbsp; n\u00e9 \u00e0 Peyrat-le-Ch\u00e2teau (87) le 18 d\u00e9cembre 1825 fils de Barth\u00e9l\u00e9my LENOIR \/ Marguerite DELANGLE propri\u00e9taires cultivateurs &nbsp; L\u00e9onard habite le bourg de Roy\u00e8re avec ses parents. \u00a0En 1851, tailleur de pierre, il travaille en Charente, ..<\/p>\n<div class=\"clear-fix\"><\/div>\n<p><a href=\"https:\/\/www.lesmaconsdelacreuse.fr\/annuaires\/lettre-l\/l_1378\/\" title=\"Lire la suite...\">Lire la suite<\/a><\/p>\n","protected":false},"author":6,"featured_media":0,"comment_status":"closed","ping_status":"closed","sticky":false,"template":"","format":"standard","meta":{"_acf_changed":false,"_exactmetrics_skip_tracking":false,"_exactmetrics_sitenote_active":false,"_exactmetrics_sitenote_note":"","_exactmetrics_sitenote_category":0,"footnotes":""},"categories":[19],"tags":[],"class_list":["post-7805","post","type-post","status-publish","format-standard","hentry","category-lettre-l"],"acf":[],"_links":{"self":[{"href":"https:\/\/www.lesmaconsdelacreuse.fr\/annuaires\/wp-json\/wp\/v2\/posts\/7805","targetHints":{"allow":["GET"]}}],"collection":[{"href":"https:\/\/www.lesmaconsdelacreuse.fr\/annuaires\/wp-json\/wp\/v2\/posts"}],"about":[{"href":"https:\/\/www.lesmaconsdelacreuse.fr\/annuaires\/wp-json\/wp\/v2\/types\/post"}],"author":[{"embeddable":true,"href":"https:\/\/www.lesmaconsdelacreuse.fr\/annuaires\/wp-json\/wp\/v2\/users\/6"}],"replies":[{"embeddable":true,"href":"https:\/\/www.lesmaconsdelacreuse.fr\/annuaires\/wp-json\/wp\/v2\/comments?post=7805"}],"version-history":[{"count":3,"href":"https:\/\/www.lesmaconsdelacreuse.fr\/annuaires\/wp-json\/wp\/v2\/posts\/7805\/revisions"}],"predecessor-version":[{"id":200021,"href":"https:\/\/www.lesmaconsdelacreuse.fr\/annuaires\/wp-json\/wp\/v2\/posts\/7805\/revisions\/200021"}],"wp:attachment":[{"href":"https:\/\/www.lesmaconsdelacreuse.fr\/annuaires\/wp-json\/wp\/v2\/media?parent=7805"}],"wp:term":[{"taxonomy":"category","embeddable":true,"href":"https:\/\/www.lesmaconsdelacreuse.fr\/annuaires\/wp-json\/wp\/v2\/categories?post=7805"},{"taxonomy":"post_tag","embeddable":true,"href":"https:\/\/www.lesmaconsdelacreuse.fr\/annuaires\/wp-json\/wp\/v2\/tags?post=7805"}],"curies":[{"name":"wp","href":"https:\/\/api.w.org\/{rel}","templated":true}]}}