{"id":7824,"date":"2019-07-28T13:33:33","date_gmt":"2019-07-28T11:33:33","guid":{"rendered":"http:\/\/lesmaconsdelacreuse.fr\/annuaire\/?p=7824"},"modified":"2020-01-20T11:29:24","modified_gmt":"2020-01-20T10:29:24","slug":"l_1430","status":"publish","type":"post","link":"https:\/\/www.lesmaconsdelacreuse.fr\/annuaires\/lettre-l\/l_1430\/","title":{"rendered":"LENOIR Martin (1808-1859)"},"content":{"rendered":"<p class=\"last-updated\"><strong>Mis \u00e0 jour le :<\/strong> 01\/05\/2026<\/p><h2 style=\"text-align: center;\"><strong>Martin LENOIR<\/strong><\/h2>\n<p style=\"text-align: center;\"><strong>1808 \u2013 1859<\/strong><\/p>\n<p style=\"text-align: center;\"><img decoding=\"async\" title=\"\" src=\"https:\/\/lesmaconsdelacreuse.fr\/annuaire\/wp-content\/uploads\/2019\/07\/image1-2109.jpg\" alt=\"\" data-source-id=\"i.0\" data-asset-id=\"7823\" \/><\/p>\n<h4 style=\"text-align: center;\"><span style=\"color: #008000;\"><strong>ma\u00e7on<\/strong><\/span><\/h4>\n<p style=\"text-align: center;\">n\u00e9 au Bost-Boussac (Saint-Martin-Ch\u00e2teau)<\/p>\n<p style=\"text-align: center;\">le 19 juillet 1808<\/p>\n<p style=\"text-align: center;\">fils de<\/p>\n<p style=\"text-align: center;\">Martial LENOIR \/ Marie LENOIR<\/p>\n<p style=\"text-align: center;\">cultivateurs<\/p>\n<p style=\"text-align: center;\"><span style=\"color: #ffffff;\">\u25d9<\/span><\/p>\n<p><em>Martin \u00e9pouse Anne <\/em><strong>LANIQUE<\/strong><em> le 9 f\u00e9vrier <\/em><strong>1831<\/strong><em> \u00e0 Saint-Pardoux-Lavaud (contrat Berger \u00e0 Bourganeuf). Le couple habite d\u2019abord Saint-Pardoux. <\/em><\/p>\n<p><strong>En 1838<\/strong><em>, Martin travaille \u00e0 <\/em><span style=\"color: #0000ff;\"><strong>Grigny (69)<\/strong><\/span><em>. <\/em><\/p>\n<p><em>Anne d\u00e9c\u00e8de \u00e0 Aug\u00e8res, commune de Faux-Mazuras, le 5 janvier <\/em><strong>1853<\/strong><em>, \u00e2g\u00e9e de 43 ans.<\/em><\/p>\n<p><strong>En 1859<\/strong><em>, Martin, revenu \u00e0 Grigny, travaille et loge chez son beau-fr\u00e8re \u00c9tienne LANIQUE.<\/em><\/p>\n<p><em>Il d\u00e9c\u00e8de \u00e0 cette adresse le 19 juillet de la m\u00eame ann\u00e9e, \u00e2g\u00e9 de 51 ans.<\/em><\/p>\n","protected":false},"excerpt":{"rendered":"<p>Mis \u00e0 jour le : 01\/05\/2026Martin LENOIR 1808 \u2013 1859 ma\u00e7on n\u00e9 au Bost-Boussac (Saint-Martin-Ch\u00e2teau) le 19 juillet 1808 fils de Martial LENOIR \/ Marie LENOIR cultivateurs \u25d9 Martin \u00e9pouse Anne LANIQUE le 9 f\u00e9vrier 1831 \u00e0 Saint-Pardoux-Lavaud (contrat Berger \u00e0 Bourganeuf). Le couple habite d\u2019abord Saint-Pardoux. En 1838, Martin travaille \u00e0 Grigny (69). Anne ..<\/p>\n<div class=\"clear-fix\"><\/div>\n<p><a href=\"https:\/\/www.lesmaconsdelacreuse.fr\/annuaires\/lettre-l\/l_1430\/\" title=\"Lire la suite...\">Lire la suite<\/a><\/p>\n","protected":false},"author":6,"featured_media":0,"comment_status":"closed","ping_status":"closed","sticky":false,"template":"","format":"standard","meta":{"_acf_changed":false,"_exactmetrics_skip_tracking":false,"_exactmetrics_sitenote_active":false,"_exactmetrics_sitenote_note":"","_exactmetrics_sitenote_category":0,"footnotes":""},"categories":[19],"tags":[],"class_list":["post-7824","post","type-post","status-publish","format-standard","hentry","category-lettre-l"],"acf":[],"_links":{"self":[{"href":"https:\/\/www.lesmaconsdelacreuse.fr\/annuaires\/wp-json\/wp\/v2\/posts\/7824","targetHints":{"allow":["GET"]}}],"collection":[{"href":"https:\/\/www.lesmaconsdelacreuse.fr\/annuaires\/wp-json\/wp\/v2\/posts"}],"about":[{"href":"https:\/\/www.lesmaconsdelacreuse.fr\/annuaires\/wp-json\/wp\/v2\/types\/post"}],"author":[{"embeddable":true,"href":"https:\/\/www.lesmaconsdelacreuse.fr\/annuaires\/wp-json\/wp\/v2\/users\/6"}],"replies":[{"embeddable":true,"href":"https:\/\/www.lesmaconsdelacreuse.fr\/annuaires\/wp-json\/wp\/v2\/comments?post=7824"}],"version-history":[{"count":0,"href":"https:\/\/www.lesmaconsdelacreuse.fr\/annuaires\/wp-json\/wp\/v2\/posts\/7824\/revisions"}],"wp:attachment":[{"href":"https:\/\/www.lesmaconsdelacreuse.fr\/annuaires\/wp-json\/wp\/v2\/media?parent=7824"}],"wp:term":[{"taxonomy":"category","embeddable":true,"href":"https:\/\/www.lesmaconsdelacreuse.fr\/annuaires\/wp-json\/wp\/v2\/categories?post=7824"},{"taxonomy":"post_tag","embeddable":true,"href":"https:\/\/www.lesmaconsdelacreuse.fr\/annuaires\/wp-json\/wp\/v2\/tags?post=7824"}],"curies":[{"name":"wp","href":"https:\/\/api.w.org\/{rel}","templated":true}]}}