{"id":7829,"date":"2019-07-28T13:33:33","date_gmt":"2019-07-28T11:33:33","guid":{"rendered":"http:\/\/lesmaconsdelacreuse.fr\/annuaire\/?p=7829"},"modified":"2022-12-19T15:55:58","modified_gmt":"2022-12-19T14:55:58","slug":"l_1414","status":"publish","type":"post","link":"https:\/\/www.lesmaconsdelacreuse.fr\/annuaires\/lettre-l\/l_1414\/","title":{"rendered":"LENOIR Martial (1654-1720)"},"content":{"rendered":"<p class=\"last-updated\"><strong>Mis \u00e0 jour le :<\/strong> 01\/05\/2026<\/p><h2 style=\"text-align: center;\"><strong>Martial LENOIR<\/strong><\/h2>\n<p style=\"text-align: center;\"><strong>1654 \u2013 1720<\/strong><\/p>\n<p style=\"text-align: center;\"><img decoding=\"async\" title=\"\" src=\"https:\/\/lesmaconsdelacreuse.fr\/annuaire\/wp-content\/uploads\/2019\/07\/image1-2110.jpg\" alt=\"\" data-source-id=\"i.0\" data-asset-id=\"7825\" \/><\/p>\n<h4 style=\"text-align: center;\"><span style=\"color: #008000;\"><strong>ma\u00e7on <\/strong>et<strong> laboureur<\/strong><\/span><\/h4>\n<p style=\"text-align: center;\">n\u00e9 \u00e0 Soumeix (Roy\u00e8re)<\/p>\n<p style=\"text-align: center;\">le 25 octobre 1654<\/p>\n<p style=\"text-align: center;\">fils de<\/p>\n<p style=\"text-align: center;\">L\u00e9onard LENOIR \/ L\u00e9onarde PLANCHAT<\/p>\n<p style=\"text-align: center;\">laboureurs<\/p>\n<p style=\"text-align: center;\"><span style=\"color: #ffffff;\">\u25d9<\/span><\/p>\n<p><em>Martial \u00e9pouse Marguerite <\/em><strong>MONTEILLOU<\/strong><em> le 13 f\u00e9vrier <\/em><strong>1673<\/strong> <em>\u00e0 Roy\u00e8re.<\/em><\/p>\n<p><em> Ils habitent Soumeix.<\/em><\/p>\n<p><em> Ils y d\u00e9c\u00e8dent\u00a0:<\/em><\/p>\n<ul>\n<li><em>Marguerite, le 12 juin <\/em><strong>1719<\/strong><em>, \u00e2g\u00e9e de 69 ans<\/em><\/li>\n<li><em>Martial, le 16 ao\u00fbt <\/em><strong>1720<\/strong><em>, \u00e2g\u00e9 de 65 ans<\/em><\/li>\n<\/ul>\n<p>S17<\/p>\n","protected":false},"excerpt":{"rendered":"<p>Mis \u00e0 jour le : 01\/05\/2026Martial LENOIR 1654 \u2013 1720 ma\u00e7on et laboureur n\u00e9 \u00e0 Soumeix (Roy\u00e8re) le 25 octobre 1654 fils de L\u00e9onard LENOIR \/ L\u00e9onarde PLANCHAT laboureurs \u25d9 Martial \u00e9pouse Marguerite MONTEILLOU le 13 f\u00e9vrier 1673 \u00e0 Roy\u00e8re. Ils habitent Soumeix. Ils y d\u00e9c\u00e8dent\u00a0: Marguerite, le 12 juin 1719, \u00e2g\u00e9e de 69 ans ..<\/p>\n<div class=\"clear-fix\"><\/div>\n<p><a href=\"https:\/\/www.lesmaconsdelacreuse.fr\/annuaires\/lettre-l\/l_1414\/\" title=\"Lire la suite...\">Lire la suite<\/a><\/p>\n","protected":false},"author":6,"featured_media":0,"comment_status":"closed","ping_status":"closed","sticky":false,"template":"","format":"standard","meta":{"_acf_changed":false,"_exactmetrics_skip_tracking":false,"_exactmetrics_sitenote_active":false,"_exactmetrics_sitenote_note":"","_exactmetrics_sitenote_category":0,"footnotes":""},"categories":[19],"tags":[],"class_list":["post-7829","post","type-post","status-publish","format-standard","hentry","category-lettre-l"],"acf":[],"_links":{"self":[{"href":"https:\/\/www.lesmaconsdelacreuse.fr\/annuaires\/wp-json\/wp\/v2\/posts\/7829","targetHints":{"allow":["GET"]}}],"collection":[{"href":"https:\/\/www.lesmaconsdelacreuse.fr\/annuaires\/wp-json\/wp\/v2\/posts"}],"about":[{"href":"https:\/\/www.lesmaconsdelacreuse.fr\/annuaires\/wp-json\/wp\/v2\/types\/post"}],"author":[{"embeddable":true,"href":"https:\/\/www.lesmaconsdelacreuse.fr\/annuaires\/wp-json\/wp\/v2\/users\/6"}],"replies":[{"embeddable":true,"href":"https:\/\/www.lesmaconsdelacreuse.fr\/annuaires\/wp-json\/wp\/v2\/comments?post=7829"}],"version-history":[{"count":1,"href":"https:\/\/www.lesmaconsdelacreuse.fr\/annuaires\/wp-json\/wp\/v2\/posts\/7829\/revisions"}],"predecessor-version":[{"id":203215,"href":"https:\/\/www.lesmaconsdelacreuse.fr\/annuaires\/wp-json\/wp\/v2\/posts\/7829\/revisions\/203215"}],"wp:attachment":[{"href":"https:\/\/www.lesmaconsdelacreuse.fr\/annuaires\/wp-json\/wp\/v2\/media?parent=7829"}],"wp:term":[{"taxonomy":"category","embeddable":true,"href":"https:\/\/www.lesmaconsdelacreuse.fr\/annuaires\/wp-json\/wp\/v2\/categories?post=7829"},{"taxonomy":"post_tag","embeddable":true,"href":"https:\/\/www.lesmaconsdelacreuse.fr\/annuaires\/wp-json\/wp\/v2\/tags?post=7829"}],"curies":[{"name":"wp","href":"https:\/\/api.w.org\/{rel}","templated":true}]}}