{"id":7840,"date":"2019-07-28T13:33:32","date_gmt":"2019-07-28T11:33:32","guid":{"rendered":"http:\/\/lesmaconsdelacreuse.fr\/annuaire\/?p=7840"},"modified":"2020-09-07T08:24:28","modified_gmt":"2020-09-07T06:24:28","slug":"l_1440","status":"publish","type":"post","link":"https:\/\/www.lesmaconsdelacreuse.fr\/annuaires\/lettre-l\/l_1440\/","title":{"rendered":"LENOIR Pierre (vers 1742-apr\u00e8s 1786)"},"content":{"rendered":"<p class=\"last-updated\"><strong>Mis \u00e0 jour le :<\/strong> 01\/05\/2026<\/p><h2 style=\"text-align: center;\"><strong>Pierre LENOIR<\/strong><\/h2>\n<p style=\"text-align: center;\"><strong>Pierre LEN\u00c8GRE<\/strong><\/p>\n<p style=\"text-align: center;\"><strong>vers 1742 \u2013 apr\u00e8s 1786<\/strong><\/p>\n<p><a href=\"https:\/\/www.lesmaconsdelacreuse.fr\/annuaires\/wp-content\/uploads\/2019\/07\/lenoir-pierre.jpg\"><img loading=\"lazy\" decoding=\"async\" class=\"size-medium wp-image-178222 aligncenter\" src=\"https:\/\/www.lesmaconsdelacreuse.fr\/annuaires\/wp-content\/uploads\/2019\/07\/lenoir-pierre-300x65.jpg\" alt=\"\" width=\"300\" height=\"65\" srcset=\"https:\/\/www.lesmaconsdelacreuse.fr\/annuaires\/wp-content\/uploads\/2019\/07\/lenoir-pierre-300x65.jpg 300w, https:\/\/www.lesmaconsdelacreuse.fr\/annuaires\/wp-content\/uploads\/2019\/07\/lenoir-pierre-150x32.jpg 150w, https:\/\/www.lesmaconsdelacreuse.fr\/annuaires\/wp-content\/uploads\/2019\/07\/lenoir-pierre.jpg 430w\" sizes=\"auto, (max-width: 300px) 100vw, 300px\" \/><\/a><\/p>\n<p>&nbsp;<\/p>\n<p style=\"text-align: center;\">\n<h4 style=\"text-align: center;\"><span style=\"color: #008000;\"><strong>ma\u00e7on <\/strong>et<strong> laboureur<\/strong><\/span><\/h4>\n<p style=\"text-align: center;\">n\u00e9 \u00e0 La Chaise (Saint-Pardoux-Lavaud)\u00a0?<\/p>\n<p style=\"text-align: center;\">vers 1742<\/p>\n<p style=\"text-align: center;\">fils de<\/p>\n<p style=\"text-align: center;\">L\u00e9onard LENOIR \/ Marguerite CL\u00c9MENT<\/p>\n<p style=\"text-align: center;\">laboureurs<\/p>\n<p style=\"text-align: center;\"><span style=\"color: #ffffff;\">\u25d9<\/span><\/p>\n<p><em>Pierre \u00e9pouse Marie <\/em><strong>JARRY<\/strong><em> le 11 f\u00e9vrier <\/em><strong>1760<\/strong><em> \u00e0 Roy\u00e8re (contrat Coutisson)\u00a0; il ne sait pas encore signer. Ils habitent La Chaise.<\/em><\/p>\n<p><strong>\u25ba<a href=\"https:\/\/www.lesmaconsdelacreuse.fr\/annuaires\/\/wp-content\/uploads\/DOCUMENTS\/1771_-_Inventaire_a_Peyramaure.pdf\" target=\"_blank\" rel=\"noopener noreferrer\"><span style=\"color: #ff00ff;\">En 1771<\/span><\/a><\/strong><em>, Pierre est pris comme expert dans un inventaire \u00e0 Peyramaure, paroisse du Compeix.<\/em><\/p>\n<p><em> Marie d\u00e9c\u00e8de \u00e0 La Chaise le 10 novembre <\/em><strong>1773<\/strong><em>, \u00e2g\u00e9e de 30 ans. <\/em><\/p>\n<p><strong>En 1774<\/strong><em>, Pierre se remarie\u00a0<\/em><em> avec Marie <\/em><strong>LEBLANC<\/strong><em>, veuve de Mathieu LAGRANGE (contrat Coutisson \u00e0 Gentioux).<\/em><\/p>\n<p><em> Ils habitent aussi La Chaise. <\/em><\/p>\n<p>&nbsp;<\/p>\n","protected":false},"excerpt":{"rendered":"<p>Mis \u00e0 jour le : 01\/05\/2026Pierre LENOIR Pierre LEN\u00c8GRE vers 1742 \u2013 apr\u00e8s 1786 &nbsp; ma\u00e7on et laboureur n\u00e9 \u00e0 La Chaise (Saint-Pardoux-Lavaud)\u00a0? vers 1742 fils de L\u00e9onard LENOIR \/ Marguerite CL\u00c9MENT laboureurs \u25d9 Pierre \u00e9pouse Marie JARRY le 11 f\u00e9vrier 1760 \u00e0 Roy\u00e8re (contrat Coutisson)\u00a0; il ne sait pas encore signer. Ils habitent La ..<\/p>\n<div class=\"clear-fix\"><\/div>\n<p><a href=\"https:\/\/www.lesmaconsdelacreuse.fr\/annuaires\/lettre-l\/l_1440\/\" title=\"Lire la suite...\">Lire la suite<\/a><\/p>\n","protected":false},"author":6,"featured_media":0,"comment_status":"closed","ping_status":"closed","sticky":false,"template":"","format":"standard","meta":{"_acf_changed":false,"_exactmetrics_skip_tracking":false,"_exactmetrics_sitenote_active":false,"_exactmetrics_sitenote_note":"","_exactmetrics_sitenote_category":0,"footnotes":""},"categories":[19],"tags":[],"class_list":["post-7840","post","type-post","status-publish","format-standard","hentry","category-lettre-l"],"acf":[],"_links":{"self":[{"href":"https:\/\/www.lesmaconsdelacreuse.fr\/annuaires\/wp-json\/wp\/v2\/posts\/7840","targetHints":{"allow":["GET"]}}],"collection":[{"href":"https:\/\/www.lesmaconsdelacreuse.fr\/annuaires\/wp-json\/wp\/v2\/posts"}],"about":[{"href":"https:\/\/www.lesmaconsdelacreuse.fr\/annuaires\/wp-json\/wp\/v2\/types\/post"}],"author":[{"embeddable":true,"href":"https:\/\/www.lesmaconsdelacreuse.fr\/annuaires\/wp-json\/wp\/v2\/users\/6"}],"replies":[{"embeddable":true,"href":"https:\/\/www.lesmaconsdelacreuse.fr\/annuaires\/wp-json\/wp\/v2\/comments?post=7840"}],"version-history":[{"count":0,"href":"https:\/\/www.lesmaconsdelacreuse.fr\/annuaires\/wp-json\/wp\/v2\/posts\/7840\/revisions"}],"wp:attachment":[{"href":"https:\/\/www.lesmaconsdelacreuse.fr\/annuaires\/wp-json\/wp\/v2\/media?parent=7840"}],"wp:term":[{"taxonomy":"category","embeddable":true,"href":"https:\/\/www.lesmaconsdelacreuse.fr\/annuaires\/wp-json\/wp\/v2\/categories?post=7840"},{"taxonomy":"post_tag","embeddable":true,"href":"https:\/\/www.lesmaconsdelacreuse.fr\/annuaires\/wp-json\/wp\/v2\/tags?post=7840"}],"curies":[{"name":"wp","href":"https:\/\/api.w.org\/{rel}","templated":true}]}}