{"id":7841,"date":"2019-07-28T13:33:32","date_gmt":"2019-07-28T11:33:32","guid":{"rendered":"http:\/\/lesmaconsdelacreuse.fr\/annuaire\/?p=7841"},"modified":"2020-01-20T11:29:26","modified_gmt":"2020-01-20T10:29:26","slug":"l_1405","status":"publish","type":"post","link":"https:\/\/www.lesmaconsdelacreuse.fr\/annuaires\/lettre-l\/l_1405\/","title":{"rendered":"LENOIR L\u00e9onard (1874-1955)"},"content":{"rendered":"<p class=\"last-updated\"><strong>Mis \u00e0 jour le :<\/strong> 01\/05\/2026<\/p><h2 style=\"text-align: center;\"><strong>L\u00e9onard LENOIR<\/strong><\/h2>\n<p style=\"text-align: center;\"><strong>1874 \u2013 1955<\/strong><\/p>\n<p style=\"text-align: center;\"><img loading=\"lazy\" decoding=\"async\" class=\"\" title=\"\" src=\"https:\/\/lesmaconsdelacreuse.fr\/annuaire\/wp-content\/uploads\/2019\/07\/image1-127.png\" alt=\"\" width=\"415\" height=\"52\" data-source-id=\"i.0\" data-asset-id=\"7837\" \/><\/p>\n<h4 style=\"text-align: center;\"><span style=\"color: #008000;\"><strong>ma\u00e7on<\/strong><\/span><\/h4>\n<p style=\"text-align: center;\">n\u00e9 \u00e0 La Villatte (Saint-Junien-la-Breg\u00e8re)<\/p>\n<p style=\"text-align: center;\">le 24 juillet 1874<\/p>\n<p style=\"text-align: center;\">fils de<\/p>\n<p style=\"text-align: center;\">Andr\u00e9 LENOIR,<span style=\"color: #008000;\"><strong> ma\u00e7on<\/strong><\/span><\/p>\n<p style=\"text-align: center;\">Th\u00e9r\u00e8se RUBY, cultivatrice<\/p>\n<p style=\"text-align: center;\"><span style=\"color: #ffffff;\">\u25d9<\/span><\/p>\n<p><strong>En 1895<\/strong><em><strong>,<\/strong> L\u00e9onard travaille \u00e0 <\/em><span style=\"color: #0000ff;\"><strong>Bordeaux (33)<\/strong><\/span><em> et loge 31, rue Forestier\u00a0. Il y passe le conseil de r\u00e9vision.<\/em><\/p>\n<p><strong>En 1900<\/strong><em>, il est \u00e0 <\/em><span style=\"color: #0000ff;\"><strong>Talence (33)<\/strong><\/span><em>, 14, rue Duroux.<\/em><\/p>\n<p><em> Il \u00e9pouse Alice Catherine <\/em><strong>BATHIER<\/strong><em>, vestonni\u00e8re, le 10 avril de la m\u00eame ann\u00e9e \u00e0 Bordeaux (mari\u00e9s sans contrat). Alice est n\u00e9e \u00e0 Bordeaux, mais son p\u00e8re est un ma\u00e7on de Saint-Martin-Ch\u00e2teau.<\/em><\/p>\n<p><em>Les \u00e9poux habitent Bordeaux\u00a0;<\/em><\/p>\n<p><strong>en 1902 et 1903<\/strong><em>, 13, rue Monsarrat.<\/em><\/p>\n<p><em>L\u00e9onard y d\u00e9c\u00e8de le 8 d\u00e9cembre <\/em><strong>1955<\/strong><em>, \u00e2g\u00e9 de 81 ans.<\/em><\/p>\n","protected":false},"excerpt":{"rendered":"<p>Mis \u00e0 jour le : 01\/05\/2026L\u00e9onard LENOIR 1874 \u2013 1955 ma\u00e7on n\u00e9 \u00e0 La Villatte (Saint-Junien-la-Breg\u00e8re) le 24 juillet 1874 fils de Andr\u00e9 LENOIR, ma\u00e7on Th\u00e9r\u00e8se RUBY, cultivatrice \u25d9 En 1895, L\u00e9onard travaille \u00e0 Bordeaux (33) et loge 31, rue Forestier\u00a0. Il y passe le conseil de r\u00e9vision. En 1900, il est \u00e0 Talence (33), ..<\/p>\n<div class=\"clear-fix\"><\/div>\n<p><a href=\"https:\/\/www.lesmaconsdelacreuse.fr\/annuaires\/lettre-l\/l_1405\/\" title=\"Lire la suite...\">Lire la suite<\/a><\/p>\n","protected":false},"author":6,"featured_media":0,"comment_status":"closed","ping_status":"closed","sticky":false,"template":"","format":"standard","meta":{"_acf_changed":false,"_exactmetrics_skip_tracking":false,"_exactmetrics_sitenote_active":false,"_exactmetrics_sitenote_note":"","_exactmetrics_sitenote_category":0,"footnotes":""},"categories":[19],"tags":[],"class_list":["post-7841","post","type-post","status-publish","format-standard","hentry","category-lettre-l"],"acf":[],"_links":{"self":[{"href":"https:\/\/www.lesmaconsdelacreuse.fr\/annuaires\/wp-json\/wp\/v2\/posts\/7841","targetHints":{"allow":["GET"]}}],"collection":[{"href":"https:\/\/www.lesmaconsdelacreuse.fr\/annuaires\/wp-json\/wp\/v2\/posts"}],"about":[{"href":"https:\/\/www.lesmaconsdelacreuse.fr\/annuaires\/wp-json\/wp\/v2\/types\/post"}],"author":[{"embeddable":true,"href":"https:\/\/www.lesmaconsdelacreuse.fr\/annuaires\/wp-json\/wp\/v2\/users\/6"}],"replies":[{"embeddable":true,"href":"https:\/\/www.lesmaconsdelacreuse.fr\/annuaires\/wp-json\/wp\/v2\/comments?post=7841"}],"version-history":[{"count":0,"href":"https:\/\/www.lesmaconsdelacreuse.fr\/annuaires\/wp-json\/wp\/v2\/posts\/7841\/revisions"}],"wp:attachment":[{"href":"https:\/\/www.lesmaconsdelacreuse.fr\/annuaires\/wp-json\/wp\/v2\/media?parent=7841"}],"wp:term":[{"taxonomy":"category","embeddable":true,"href":"https:\/\/www.lesmaconsdelacreuse.fr\/annuaires\/wp-json\/wp\/v2\/categories?post=7841"},{"taxonomy":"post_tag","embeddable":true,"href":"https:\/\/www.lesmaconsdelacreuse.fr\/annuaires\/wp-json\/wp\/v2\/tags?post=7841"}],"curies":[{"name":"wp","href":"https:\/\/api.w.org\/{rel}","templated":true}]}}