{"id":7847,"date":"2019-07-28T13:33:32","date_gmt":"2019-07-28T11:33:32","guid":{"rendered":"http:\/\/lesmaconsdelacreuse.fr\/annuaire\/?p=7847"},"modified":"2020-08-23T15:31:25","modified_gmt":"2020-08-23T13:31:25","slug":"l_1435","status":"publish","type":"post","link":"https:\/\/www.lesmaconsdelacreuse.fr\/annuaires\/lettre-l\/l_1435\/","title":{"rendered":"LENEGRE Michel (vers 1713-1743)"},"content":{"rendered":"<p class=\"last-updated\"><strong>Mis \u00e0 jour le :<\/strong> 01\/05\/2026<\/p><h2 style=\"text-align: center;\"><strong>Michel LEN\u00c8GRE<\/strong><\/h2>\n<p style=\"text-align: center;\"><strong>vers 1713 \u2013 1743<\/strong><\/p>\n<p style=\"text-align: center;\"><img decoding=\"async\" title=\"\" src=\"https:\/\/lesmaconsdelacreuse.fr\/annuaire\/wp-content\/uploads\/2019\/07\/image1-2116.jpg\" alt=\"\" data-source-id=\"i.0\" data-asset-id=\"7844\" \/><\/p>\n<h4 style=\"text-align: center;\"><span style=\"color: #008000;\"><strong>ma\u00e7on <\/strong>et<strong> laboureur<\/strong><\/span><\/h4>\n<p style=\"text-align: center;\">n\u00e9 \u00e0 Pramy (Saint-Pierre-le-Bost)\u00a0?<\/p>\n<p style=\"text-align: center;\">vers 1713<\/p>\n<p style=\"text-align: center;\">fils de<\/p>\n<p style=\"text-align: center;\">\u00c9tienne LEN\u00c8GRE \/ Fran\u00e7oise CHABANAUD<\/p>\n<p style=\"text-align: center;\">laboureurs<\/p>\n<p style=\"text-align: center;\"><span style=\"color: #ffffff;\">\u25d9<\/span><\/p>\n<p><em>Michel \u00e9pouse Jeanne <\/em><strong>RUBENAUD<\/strong><em> le 4 f\u00e9vrier <\/em><strong>1731<\/strong><em> \u00e0 Saint-Pierre (contrat Delavergne au Monteil-au-Vicomte).<\/em><\/p>\n<p><em> Ils habitent Pramy.<\/em><\/p>\n<p><em> Michel y d\u00e9c\u00e8de le 21 d\u00e9cembre <\/em><strong>1743<\/strong><em>, \u00e2g\u00e9 de 30 ans environ.<\/em><\/p>\n<p><em> Sa veuve se remarie en 1748 avec L\u00e9onard VALLEREIX, ma\u00eetre ma\u00e7on, et d\u00e9c\u00e8de au Cloud-Vallereix, paroisse de Saint-Yriex-la-Montagne, le 7 avril 1760, \u00e2g\u00e9e de 50 ans environ.<\/em><\/p>\n","protected":false},"excerpt":{"rendered":"<p>Mis \u00e0 jour le : 01\/05\/2026Michel LEN\u00c8GRE vers 1713 \u2013 1743 ma\u00e7on et laboureur n\u00e9 \u00e0 Pramy (Saint-Pierre-le-Bost)\u00a0? vers 1713 fils de \u00c9tienne LEN\u00c8GRE \/ Fran\u00e7oise CHABANAUD laboureurs \u25d9 Michel \u00e9pouse Jeanne RUBENAUD le 4 f\u00e9vrier 1731 \u00e0 Saint-Pierre (contrat Delavergne au Monteil-au-Vicomte). Ils habitent Pramy. Michel y d\u00e9c\u00e8de le 21 d\u00e9cembre 1743, \u00e2g\u00e9 de ..<\/p>\n<div class=\"clear-fix\"><\/div>\n<p><a href=\"https:\/\/www.lesmaconsdelacreuse.fr\/annuaires\/lettre-l\/l_1435\/\" title=\"Lire la suite...\">Lire la suite<\/a><\/p>\n","protected":false},"author":6,"featured_media":0,"comment_status":"closed","ping_status":"closed","sticky":false,"template":"","format":"standard","meta":{"_acf_changed":false,"_exactmetrics_skip_tracking":false,"_exactmetrics_sitenote_active":false,"_exactmetrics_sitenote_note":"","_exactmetrics_sitenote_category":0,"footnotes":""},"categories":[19],"tags":[],"class_list":["post-7847","post","type-post","status-publish","format-standard","hentry","category-lettre-l"],"acf":[],"_links":{"self":[{"href":"https:\/\/www.lesmaconsdelacreuse.fr\/annuaires\/wp-json\/wp\/v2\/posts\/7847","targetHints":{"allow":["GET"]}}],"collection":[{"href":"https:\/\/www.lesmaconsdelacreuse.fr\/annuaires\/wp-json\/wp\/v2\/posts"}],"about":[{"href":"https:\/\/www.lesmaconsdelacreuse.fr\/annuaires\/wp-json\/wp\/v2\/types\/post"}],"author":[{"embeddable":true,"href":"https:\/\/www.lesmaconsdelacreuse.fr\/annuaires\/wp-json\/wp\/v2\/users\/6"}],"replies":[{"embeddable":true,"href":"https:\/\/www.lesmaconsdelacreuse.fr\/annuaires\/wp-json\/wp\/v2\/comments?post=7847"}],"version-history":[{"count":0,"href":"https:\/\/www.lesmaconsdelacreuse.fr\/annuaires\/wp-json\/wp\/v2\/posts\/7847\/revisions"}],"wp:attachment":[{"href":"https:\/\/www.lesmaconsdelacreuse.fr\/annuaires\/wp-json\/wp\/v2\/media?parent=7847"}],"wp:term":[{"taxonomy":"category","embeddable":true,"href":"https:\/\/www.lesmaconsdelacreuse.fr\/annuaires\/wp-json\/wp\/v2\/categories?post=7847"},{"taxonomy":"post_tag","embeddable":true,"href":"https:\/\/www.lesmaconsdelacreuse.fr\/annuaires\/wp-json\/wp\/v2\/tags?post=7847"}],"curies":[{"name":"wp","href":"https:\/\/api.w.org\/{rel}","templated":true}]}}