{"id":7857,"date":"2019-07-28T13:33:31","date_gmt":"2019-07-28T11:33:31","guid":{"rendered":"http:\/\/lesmaconsdelacreuse.fr\/annuaire\/?p=7857"},"modified":"2020-10-14T10:33:22","modified_gmt":"2020-10-14T08:33:22","slug":"l_1417","status":"publish","type":"post","link":"https:\/\/www.lesmaconsdelacreuse.fr\/annuaires\/lettre-l\/l_1417\/","title":{"rendered":"LENOIR Martial (1824-1886)"},"content":{"rendered":"<p class=\"last-updated\"><strong>Mis \u00e0 jour le :<\/strong> 01\/05\/2026<\/p><h2 style=\"text-align: center;\"><strong>Martial LENOIR<\/strong><\/h2>\n<p style=\"text-align: center;\"><strong>1824 \u2013 1886<\/strong><\/p>\n<p style=\"text-align: center;\"><img loading=\"lazy\" decoding=\"async\" class=\"\" title=\"\" src=\"https:\/\/lesmaconsdelacreuse.fr\/annuaire\/wp-content\/uploads\/2019\/07\/image1-2121.jpg\" alt=\"\" width=\"254\" height=\"63\" data-source-id=\"i.0\" data-asset-id=\"7856\" \/><\/p>\n<h4 style=\"text-align: center;\"><strong><span style=\"color: #008000;\">\u25ba\u00a0<a href=\"https:\/\/www.lesmaconsdelacreuse.fr\/annuaires\/wp-content\/uploads\/2020\/07\/MA\u00ceTRE-MA\u00c7ON.png\" target=\"_blank\" rel=\"noopener noreferrer\"><span style=\"color: #008000;\">ma\u00eetre ma\u00e7on<\/span><\/a><\/span><\/strong><\/h4>\n<p>&nbsp;<\/p>\n<p style=\"text-align: center;\">n\u00e9 \u00e0 Villecros (Roy\u00e8re)<\/p>\n<p style=\"text-align: center;\">le 22 septembre 1824<\/p>\n<p style=\"text-align: center;\">fils de<\/p>\n<p style=\"text-align: center;\">Jean-Baptiste LENOIR, <span style=\"color: #008000;\"><strong>ma\u00e7on <\/strong><\/span><strong>\/ <\/strong>Marguerite CADROT<\/p>\n<p style=\"text-align: center;\">propri\u00e9taires cultivateurs<\/p>\n<p style=\"text-align: center;\"><span style=\"color: #ffffff;\">\u25d9<\/span><\/p>\n<p><strong>En 1855<\/strong>,<em> Martial travaille \u00e0 <\/em><span style=\"color: #0000ff;\"><strong>Lyon (69)<\/strong><\/span><em> et loge 26, rue Imbert Colom\u00e8s.<\/em><\/p>\n<p><em>Il \u00e9pouse le 20 f\u00e9vrier de la m\u00eame ann\u00e9e \u00e0 Lyon 1er Eug\u00e9nie <\/em><strong>BLANC<\/strong><em>, <strong>\u25ba<\/strong> <a href=\"https:\/\/www.lesmaconsdelacreuse.fr\/annuaires\/wp-content\/uploads\/2019\/08\/D\u00c9VIDEUSE.png\" target=\"_blank\" rel=\"noopener noreferrer\">d\u00e9videuse<\/a> (contrat Bourgeois). <\/em><\/p>\n<p><strong>De 1856 \u00e0 1858<\/strong><em><strong>,<\/strong> le couple habite 7, rue Saint-Clair, 3e arrondissement\u00a0;<\/em><\/p>\n<p><strong>en 1859<\/strong><em>, m\u00eame arrondissement, 9, rue de Bar\u00e8me\u00a0;<\/em><\/p>\n<p><strong>en 1861<\/strong><em>,158, rue Sainte-\u00c9lisabeth.<\/em><\/p>\n<p><strong>En 1875<\/strong><em>, Martial, veuf, loge 126, cours Lafayette, 3e arrondissement. Il est incarc\u00e9r\u00e9 pendant 15 jours \u00e0 la \u25ba<a href=\"https:\/\/www.lesmaconsdelacreuse.fr\/annuaires\/wp-content\/uploads\/2020\/08\/PRISON-SAINT-PAUL.png\" target=\"_blank\" rel=\"noopener noreferrer\">prison Saint-Paul<\/a><\/em> <em>pour bris de cl\u00f4ture. <\/em><\/p>\n<p><strong>En 1886<\/strong><em>, il habite 191, avenue de Saxe, dans le 6e.<\/em><\/p>\n<p><em>Il d\u00e9c\u00e8de le 18 septembre de la m\u00eame ann\u00e9e \u00e0 \u25ba<a href=\"https:\/\/www.lesmaconsdelacreuse.fr\/annuaires\/\/wp-content\/uploads\/PHOTOS_-_CARTES_POSTALES\/LYON_-_Hopital_de_lAntiquaille.jpg\" target=\"_blank\" rel=\"noopener noreferrer\">l\u2019H\u00f4pital de l\u2019Antiquaille<\/a>, Lyon 5e, \u00e2g\u00e9 de 61 ans.<\/em><\/p>\n<p>&nbsp;<\/p>\n","protected":false},"excerpt":{"rendered":"<p>Mis \u00e0 jour le : 01\/05\/2026Martial LENOIR 1824 \u2013 1886 \u25ba\u00a0ma\u00eetre ma\u00e7on &nbsp; n\u00e9 \u00e0 Villecros (Roy\u00e8re) le 22 septembre 1824 fils de Jean-Baptiste LENOIR, ma\u00e7on \/ Marguerite CADROT propri\u00e9taires cultivateurs \u25d9 En 1855, Martial travaille \u00e0 Lyon (69) et loge 26, rue Imbert Colom\u00e8s. Il \u00e9pouse le 20 f\u00e9vrier de la m\u00eame ann\u00e9e \u00e0 ..<\/p>\n<div class=\"clear-fix\"><\/div>\n<p><a href=\"https:\/\/www.lesmaconsdelacreuse.fr\/annuaires\/lettre-l\/l_1417\/\" title=\"Lire la suite...\">Lire la suite<\/a><\/p>\n","protected":false},"author":6,"featured_media":0,"comment_status":"closed","ping_status":"closed","sticky":false,"template":"","format":"standard","meta":{"_acf_changed":false,"_exactmetrics_skip_tracking":false,"_exactmetrics_sitenote_active":false,"_exactmetrics_sitenote_note":"","_exactmetrics_sitenote_category":0,"footnotes":""},"categories":[19],"tags":[],"class_list":["post-7857","post","type-post","status-publish","format-standard","hentry","category-lettre-l"],"acf":[],"_links":{"self":[{"href":"https:\/\/www.lesmaconsdelacreuse.fr\/annuaires\/wp-json\/wp\/v2\/posts\/7857","targetHints":{"allow":["GET"]}}],"collection":[{"href":"https:\/\/www.lesmaconsdelacreuse.fr\/annuaires\/wp-json\/wp\/v2\/posts"}],"about":[{"href":"https:\/\/www.lesmaconsdelacreuse.fr\/annuaires\/wp-json\/wp\/v2\/types\/post"}],"author":[{"embeddable":true,"href":"https:\/\/www.lesmaconsdelacreuse.fr\/annuaires\/wp-json\/wp\/v2\/users\/6"}],"replies":[{"embeddable":true,"href":"https:\/\/www.lesmaconsdelacreuse.fr\/annuaires\/wp-json\/wp\/v2\/comments?post=7857"}],"version-history":[{"count":0,"href":"https:\/\/www.lesmaconsdelacreuse.fr\/annuaires\/wp-json\/wp\/v2\/posts\/7857\/revisions"}],"wp:attachment":[{"href":"https:\/\/www.lesmaconsdelacreuse.fr\/annuaires\/wp-json\/wp\/v2\/media?parent=7857"}],"wp:term":[{"taxonomy":"category","embeddable":true,"href":"https:\/\/www.lesmaconsdelacreuse.fr\/annuaires\/wp-json\/wp\/v2\/categories?post=7857"},{"taxonomy":"post_tag","embeddable":true,"href":"https:\/\/www.lesmaconsdelacreuse.fr\/annuaires\/wp-json\/wp\/v2\/tags?post=7857"}],"curies":[{"name":"wp","href":"https:\/\/api.w.org\/{rel}","templated":true}]}}