{"id":7860,"date":"2019-07-28T13:33:15","date_gmt":"2019-07-28T11:33:15","guid":{"rendered":"http:\/\/lesmaconsdelacreuse.fr\/annuaire\/?p=7860"},"modified":"2020-01-20T11:29:29","modified_gmt":"2020-01-20T10:29:29","slug":"l_1407","status":"publish","type":"post","link":"https:\/\/www.lesmaconsdelacreuse.fr\/annuaires\/lettre-l\/l_1407\/","title":{"rendered":"LENOIR L\u00e9onard Henri (1878-1949)"},"content":{"rendered":"<p class=\"last-updated\"><strong>Mis \u00e0 jour le :<\/strong> 01\/05\/2026<\/p><h2 style=\"text-align: center;\"><strong>L\u00e9onard Henri LENOIR<\/strong><\/h2>\n<p style=\"text-align: center;\"><strong>1878 \u2013 1949<\/strong><\/p>\n<p style=\"text-align: center;\"><img decoding=\"async\" title=\"\" src=\"https:\/\/lesmaconsdelacreuse.fr\/annuaire\/wp-content\/uploads\/2019\/07\/image1-2122.jpg\" alt=\"\" data-source-id=\"i.0\" data-asset-id=\"7858\" \/><\/p>\n<h4 style=\"text-align: center;\"><span style=\"color: #008000;\"><strong>ma\u00e7on<\/strong><\/span><\/h4>\n<p style=\"text-align: center;\">n\u00e9 au Mas (Roy\u00e8re)<\/p>\n<p style=\"text-align: center;\">le 23 septembre 1878<\/p>\n<p style=\"text-align: center;\">fils de<\/p>\n<p style=\"text-align: center;\">Pierre LENOIR, <span style=\"color: #008000;\"><strong>ma\u00e7on<\/strong><\/span><\/p>\n<p style=\"text-align: center;\">Marie Augustine SAVY, cultivatrice<\/p>\n<p style=\"text-align: center;\"><span style=\"color: #ffffff;\">\u25d9<\/span><\/p>\n<p><strong>En 1899<\/strong>, <em>lors du conseil de r\u00e9vision, L\u00e9onard est ajourn\u00e9 pour faiblesse.<\/em><\/p>\n<p><strong>En 1903<\/strong><em>, il travaille \u00e0 <\/em><span style=\"color: #0000ff;\"><strong>Saint-Cyr-au-Mont-d\u2019Or (69)<\/strong><\/span><em>.<\/em><\/p>\n<p><em> Il \u00e9pouse Marie Ang\u00e8le <\/em><strong>QUINQUE<\/strong><em> le 6 mars <\/em><strong>1905<\/strong><em> \u00e0 Saint-Pierre-le-Bost (contrat Toumieux \u00e0 Roy\u00e8re).<\/em><\/p>\n<p><strong>En 1911<\/strong><em>, L\u00e9onard est encore \u00e0 Cyr. <\/em><\/p>\n<p><em>Il d\u00e9c\u00e8de \u00e0 La Croisille, commune de Saint-Pierre, le 15 janvier <\/em><strong>1949<\/strong><em>, \u00e2g\u00e9 de 70 ans.<\/em><\/p>\n","protected":false},"excerpt":{"rendered":"<p>Mis \u00e0 jour le : 01\/05\/2026L\u00e9onard Henri LENOIR 1878 \u2013 1949 ma\u00e7on n\u00e9 au Mas (Roy\u00e8re) le 23 septembre 1878 fils de Pierre LENOIR, ma\u00e7on Marie Augustine SAVY, cultivatrice \u25d9 En 1899, lors du conseil de r\u00e9vision, L\u00e9onard est ajourn\u00e9 pour faiblesse. En 1903, il travaille \u00e0 Saint-Cyr-au-Mont-d\u2019Or (69). Il \u00e9pouse Marie Ang\u00e8le QUINQUE le ..<\/p>\n<div class=\"clear-fix\"><\/div>\n<p><a href=\"https:\/\/www.lesmaconsdelacreuse.fr\/annuaires\/lettre-l\/l_1407\/\" title=\"Lire la suite...\">Lire la suite<\/a><\/p>\n","protected":false},"author":6,"featured_media":0,"comment_status":"closed","ping_status":"closed","sticky":false,"template":"","format":"standard","meta":{"_acf_changed":false,"_exactmetrics_skip_tracking":false,"_exactmetrics_sitenote_active":false,"_exactmetrics_sitenote_note":"","_exactmetrics_sitenote_category":0,"footnotes":""},"categories":[19],"tags":[],"class_list":["post-7860","post","type-post","status-publish","format-standard","hentry","category-lettre-l"],"acf":[],"_links":{"self":[{"href":"https:\/\/www.lesmaconsdelacreuse.fr\/annuaires\/wp-json\/wp\/v2\/posts\/7860","targetHints":{"allow":["GET"]}}],"collection":[{"href":"https:\/\/www.lesmaconsdelacreuse.fr\/annuaires\/wp-json\/wp\/v2\/posts"}],"about":[{"href":"https:\/\/www.lesmaconsdelacreuse.fr\/annuaires\/wp-json\/wp\/v2\/types\/post"}],"author":[{"embeddable":true,"href":"https:\/\/www.lesmaconsdelacreuse.fr\/annuaires\/wp-json\/wp\/v2\/users\/6"}],"replies":[{"embeddable":true,"href":"https:\/\/www.lesmaconsdelacreuse.fr\/annuaires\/wp-json\/wp\/v2\/comments?post=7860"}],"version-history":[{"count":0,"href":"https:\/\/www.lesmaconsdelacreuse.fr\/annuaires\/wp-json\/wp\/v2\/posts\/7860\/revisions"}],"wp:attachment":[{"href":"https:\/\/www.lesmaconsdelacreuse.fr\/annuaires\/wp-json\/wp\/v2\/media?parent=7860"}],"wp:term":[{"taxonomy":"category","embeddable":true,"href":"https:\/\/www.lesmaconsdelacreuse.fr\/annuaires\/wp-json\/wp\/v2\/categories?post=7860"},{"taxonomy":"post_tag","embeddable":true,"href":"https:\/\/www.lesmaconsdelacreuse.fr\/annuaires\/wp-json\/wp\/v2\/tags?post=7860"}],"curies":[{"name":"wp","href":"https:\/\/api.w.org\/{rel}","templated":true}]}}