{"id":7867,"date":"2019-07-28T13:33:15","date_gmt":"2019-07-28T11:33:15","guid":{"rendered":"http:\/\/lesmaconsdelacreuse.fr\/annuaire\/?p=7867"},"modified":"2020-09-28T17:55:20","modified_gmt":"2020-09-28T15:55:20","slug":"l_1396","status":"publish","type":"post","link":"https:\/\/www.lesmaconsdelacreuse.fr\/annuaires\/lettre-l\/l_1396\/","title":{"rendered":"LENOIR L\u00e9onard (1834-apr\u00e8s 1860)"},"content":{"rendered":"<p class=\"last-updated\"><strong>Mis \u00e0 jour le :<\/strong> 01\/05\/2026<\/p><h2 style=\"text-align: center;\"><strong>L\u00e9onard LENOIR<\/strong><\/h2>\n<p style=\"text-align: center;\"><strong>1834 \u2013 apr\u00e8s 1860<\/strong><\/p>\n<p style=\"text-align: center;\"><img decoding=\"async\" title=\"\" src=\"https:\/\/lesmaconsdelacreuse.fr\/annuaire\/wp-content\/uploads\/2019\/07\/image1-128.png\" alt=\"\" data-source-id=\"i.0\" data-asset-id=\"7863\" \/><\/p>\n<h4 style=\"text-align: center;\"><span style=\"color: #008000;\"><strong>ma\u00e7on <\/strong>puis<strong> gar\u00e7on boucher<\/strong><\/span><\/h4>\n<p>&nbsp;<\/p>\n<p style=\"text-align: center;\">n\u00e9 \u00e0 Freisseix (Morterolles)<\/p>\n<p style=\"text-align: center;\">le 12 octobre 1834<\/p>\n<p style=\"text-align: center;\">fils de<\/p>\n<p style=\"text-align: center;\">J\u00e9r\u00f4me LENOIR,<span style=\"color: #008000;\"> <strong>entrepreneur de b\u00e2timents<\/strong><\/span><\/p>\n<p style=\"text-align: center;\">Marguerite BAUDY<\/p>\n<p style=\"text-align: center;\">propri\u00e9taires cultivateurs<\/p>\n<p style=\"text-align: center;\"><span style=\"color: #ffffff;\">\u25d9<\/span><\/p>\n<p><strong>En 1854<\/strong>, <em>L\u00e9onard est <\/em><span style=\"color: #008000;\"><strong>ma\u00e7on<\/strong><\/span><em>.<\/em><\/p>\n<p><strong>En 1855<\/strong><em>, il travaille \u00e0 <\/em><span style=\"color: #0000ff;\"><strong>Lyon (69)<\/strong><\/span><em> et loge 69, Grande C\u00f4te, 4e arrondissement.<\/em><\/p>\n<p><em>La m\u00eame ann\u00e9e, il est incarc\u00e9r\u00e9 \u00e0 la \u25ba<a href=\"https:\/\/www.lesmaconsdelacreuse.fr\/annuaires\/wp-content\/uploads\/2020\/08\/PRISON-SAINT-PAUL.png\" target=\"_blank\" rel=\"noopener noreferrer\">prison Saint-Paul<\/a> pendant un mois pour coups et blessures.<\/em><\/p>\n<p><strong>En 1860<\/strong><em>, il est <\/em><span style=\"color: #008000;\"><strong>gar\u00e7on boucher<\/strong><\/span><em>, et habite 12, rue de Crim\u00e9e.<\/em><\/p>\n<p><em> Il \u00e9pouse Antoinette <\/em><strong>P\u00c9TRO<\/strong><em> le 2 f\u00e9vrier de la m\u00eame ann\u00e9e, \u00e0 Lyon 1er (contrat Charveriat).<\/em><\/p>\n<p>&nbsp;<\/p>\n","protected":false},"excerpt":{"rendered":"<p>Mis \u00e0 jour le : 01\/05\/2026L\u00e9onard LENOIR 1834 \u2013 apr\u00e8s 1860 ma\u00e7on puis gar\u00e7on boucher &nbsp; n\u00e9 \u00e0 Freisseix (Morterolles) le 12 octobre 1834 fils de J\u00e9r\u00f4me LENOIR, entrepreneur de b\u00e2timents Marguerite BAUDY propri\u00e9taires cultivateurs \u25d9 En 1854, L\u00e9onard est ma\u00e7on. En 1855, il travaille \u00e0 Lyon (69) et loge 69, Grande C\u00f4te, 4e arrondissement. ..<\/p>\n<div class=\"clear-fix\"><\/div>\n<p><a href=\"https:\/\/www.lesmaconsdelacreuse.fr\/annuaires\/lettre-l\/l_1396\/\" title=\"Lire la suite...\">Lire la suite<\/a><\/p>\n","protected":false},"author":6,"featured_media":0,"comment_status":"closed","ping_status":"closed","sticky":false,"template":"","format":"standard","meta":{"_acf_changed":false,"_exactmetrics_skip_tracking":false,"_exactmetrics_sitenote_active":false,"_exactmetrics_sitenote_note":"","_exactmetrics_sitenote_category":0,"footnotes":""},"categories":[19],"tags":[],"class_list":["post-7867","post","type-post","status-publish","format-standard","hentry","category-lettre-l"],"acf":[],"_links":{"self":[{"href":"https:\/\/www.lesmaconsdelacreuse.fr\/annuaires\/wp-json\/wp\/v2\/posts\/7867","targetHints":{"allow":["GET"]}}],"collection":[{"href":"https:\/\/www.lesmaconsdelacreuse.fr\/annuaires\/wp-json\/wp\/v2\/posts"}],"about":[{"href":"https:\/\/www.lesmaconsdelacreuse.fr\/annuaires\/wp-json\/wp\/v2\/types\/post"}],"author":[{"embeddable":true,"href":"https:\/\/www.lesmaconsdelacreuse.fr\/annuaires\/wp-json\/wp\/v2\/users\/6"}],"replies":[{"embeddable":true,"href":"https:\/\/www.lesmaconsdelacreuse.fr\/annuaires\/wp-json\/wp\/v2\/comments?post=7867"}],"version-history":[{"count":0,"href":"https:\/\/www.lesmaconsdelacreuse.fr\/annuaires\/wp-json\/wp\/v2\/posts\/7867\/revisions"}],"wp:attachment":[{"href":"https:\/\/www.lesmaconsdelacreuse.fr\/annuaires\/wp-json\/wp\/v2\/media?parent=7867"}],"wp:term":[{"taxonomy":"category","embeddable":true,"href":"https:\/\/www.lesmaconsdelacreuse.fr\/annuaires\/wp-json\/wp\/v2\/categories?post=7867"},{"taxonomy":"post_tag","embeddable":true,"href":"https:\/\/www.lesmaconsdelacreuse.fr\/annuaires\/wp-json\/wp\/v2\/tags?post=7867"}],"curies":[{"name":"wp","href":"https:\/\/api.w.org\/{rel}","templated":true}]}}