{"id":7869,"date":"2019-07-28T13:33:15","date_gmt":"2019-07-28T11:33:15","guid":{"rendered":"http:\/\/lesmaconsdelacreuse.fr\/annuaire\/?p=7869"},"modified":"2020-01-20T11:29:28","modified_gmt":"2020-01-20T10:29:28","slug":"l_1364","status":"publish","type":"post","link":"https:\/\/www.lesmaconsdelacreuse.fr\/annuaires\/lettre-l\/l_1364\/","title":{"rendered":"LENOIR L\u00e9onard (1786-1867)"},"content":{"rendered":"<p class=\"last-updated\"><strong>Mis \u00e0 jour le :<\/strong> 01\/05\/2026<\/p><h2 style=\"text-align: center;\"><strong>L\u00e9onard LENOIR<\/strong><\/h2>\n<p style=\"text-align: center;\"><strong>Pierre LENOIR<\/strong><\/p>\n<p style=\"text-align: center;\"><strong>1786 \u2013 1867<\/strong><\/p>\n<p style=\"text-align: center;\"><img decoding=\"async\" title=\"\" src=\"https:\/\/lesmaconsdelacreuse.fr\/annuaire\/wp-content\/uploads\/2019\/07\/image1-2125.jpg\" alt=\"\" data-source-id=\"i.0\" data-asset-id=\"7865\" \/><\/p>\n<h4 style=\"text-align: center;\"><span style=\"color: #008000;\"><strong>ma\u00e7on <\/strong>et <strong>propri\u00e9taire cultivateur<\/strong><\/span><\/h4>\n<p style=\"text-align: center;\">n\u00e9 \u00e0 La Chaise (Saint-Pardoux-Lavaud)<\/p>\n<p style=\"text-align: center;\">le 20 d\u00e9cembre 1786<\/p>\n<p style=\"text-align: center;\">fils de<\/p>\n<p style=\"text-align: center;\">L\u00e9onard LENOIR \/ Anne JARRY<\/p>\n<p style=\"text-align: center;\"><span style=\"color: #ffffff;\">\u25d9<\/span><\/p>\n<p><em>L\u00e9onard \u00e9pouse Jeanne <\/em><strong>CHATOUX<\/strong><em> le 23 f\u00e9vrier <\/em><strong>1811<\/strong> <em>\u00e0 Gentioux\u00a0 (contrat Coutisson \u00e0 Roy\u00e8re). Le couple habite La Chaise.<\/em><\/p>\n<p><em> Jeanne y d\u00e9c\u00e8de le 10 avril <\/em><strong>1850<\/strong><em>, \u00e2g\u00e9e de 61 ans. <\/em><\/p>\n<p><strong>En 1864<\/strong><em>, L\u00e9onard, ancien ma\u00e7on, est \u00e0 Saint-Ir\u00e9n\u00e9e de <\/em><span style=\"color: #0000ff;\"><strong>Lyon (69)<\/strong><\/span><em>.<\/em><\/p>\n<p><em> Il d\u00e9c\u00e8de le 5 septembre <\/em><strong>1867<\/strong> <em>\u00e0 l\u2019Hospice de la Charit\u00e9, Lyon 2e, \u00e2g\u00e9 de 80 ans.<\/em><\/p>\n","protected":false},"excerpt":{"rendered":"<p>Mis \u00e0 jour le : 01\/05\/2026L\u00e9onard LENOIR Pierre LENOIR 1786 \u2013 1867 ma\u00e7on et propri\u00e9taire cultivateur n\u00e9 \u00e0 La Chaise (Saint-Pardoux-Lavaud) le 20 d\u00e9cembre 1786 fils de L\u00e9onard LENOIR \/ Anne JARRY \u25d9 L\u00e9onard \u00e9pouse Jeanne CHATOUX le 23 f\u00e9vrier 1811 \u00e0 Gentioux\u00a0 (contrat Coutisson \u00e0 Roy\u00e8re). Le couple habite La Chaise. Jeanne y d\u00e9c\u00e8de ..<\/p>\n<div class=\"clear-fix\"><\/div>\n<p><a href=\"https:\/\/www.lesmaconsdelacreuse.fr\/annuaires\/lettre-l\/l_1364\/\" title=\"Lire la suite...\">Lire la suite<\/a><\/p>\n","protected":false},"author":6,"featured_media":0,"comment_status":"closed","ping_status":"closed","sticky":false,"template":"","format":"standard","meta":{"_acf_changed":false,"_exactmetrics_skip_tracking":false,"_exactmetrics_sitenote_active":false,"_exactmetrics_sitenote_note":"","_exactmetrics_sitenote_category":0,"footnotes":""},"categories":[19],"tags":[],"class_list":["post-7869","post","type-post","status-publish","format-standard","hentry","category-lettre-l"],"acf":[],"_links":{"self":[{"href":"https:\/\/www.lesmaconsdelacreuse.fr\/annuaires\/wp-json\/wp\/v2\/posts\/7869","targetHints":{"allow":["GET"]}}],"collection":[{"href":"https:\/\/www.lesmaconsdelacreuse.fr\/annuaires\/wp-json\/wp\/v2\/posts"}],"about":[{"href":"https:\/\/www.lesmaconsdelacreuse.fr\/annuaires\/wp-json\/wp\/v2\/types\/post"}],"author":[{"embeddable":true,"href":"https:\/\/www.lesmaconsdelacreuse.fr\/annuaires\/wp-json\/wp\/v2\/users\/6"}],"replies":[{"embeddable":true,"href":"https:\/\/www.lesmaconsdelacreuse.fr\/annuaires\/wp-json\/wp\/v2\/comments?post=7869"}],"version-history":[{"count":0,"href":"https:\/\/www.lesmaconsdelacreuse.fr\/annuaires\/wp-json\/wp\/v2\/posts\/7869\/revisions"}],"wp:attachment":[{"href":"https:\/\/www.lesmaconsdelacreuse.fr\/annuaires\/wp-json\/wp\/v2\/media?parent=7869"}],"wp:term":[{"taxonomy":"category","embeddable":true,"href":"https:\/\/www.lesmaconsdelacreuse.fr\/annuaires\/wp-json\/wp\/v2\/categories?post=7869"},{"taxonomy":"post_tag","embeddable":true,"href":"https:\/\/www.lesmaconsdelacreuse.fr\/annuaires\/wp-json\/wp\/v2\/tags?post=7869"}],"curies":[{"name":"wp","href":"https:\/\/api.w.org\/{rel}","templated":true}]}}