{"id":7870,"date":"2019-07-28T13:33:15","date_gmt":"2019-07-28T11:33:15","guid":{"rendered":"http:\/\/lesmaconsdelacreuse.fr\/annuaire\/?p=7870"},"modified":"2020-10-14T10:33:56","modified_gmt":"2020-10-14T08:33:56","slug":"l_1387","status":"publish","type":"post","link":"https:\/\/www.lesmaconsdelacreuse.fr\/annuaires\/lettre-l\/l_1387\/","title":{"rendered":"LENOIR L\u00e9onard (1818-1874)"},"content":{"rendered":"<p class=\"last-updated\"><strong>Mis \u00e0 jour le :<\/strong> 01\/05\/2026<\/p><h2 style=\"text-align: center;\"><strong>L\u00e9onard LENOIR<\/strong><\/h2>\n<p style=\"text-align: center;\"><strong>dit Le Pl\u00e2trier<\/strong><\/p>\n<p style=\"text-align: center;\"><strong>1818 \u2013 1874<\/strong><\/p>\n<p style=\"text-align: center;\"><img decoding=\"async\" title=\"\" src=\"https:\/\/lesmaconsdelacreuse.fr\/annuaire\/wp-content\/uploads\/2019\/07\/image1-2126.jpg\" alt=\"\" data-source-id=\"i.0\" data-asset-id=\"7866\" \/><\/p>\n<h4 style=\"text-align: center;\"><span style=\"color: #008000;\"><strong>\u25ba\u00a0<a href=\"https:\/\/www.lesmaconsdelacreuse.fr\/annuaires\/wp-content\/uploads\/2020\/07\/MA\u00ceTRE-MA\u00c7ON.png\" target=\"_blank\" rel=\"noopener noreferrer\"><span style=\"color: #008000;\">ma\u00eetre ma\u00e7on<\/span><\/a> <\/strong>et<strong> cultivateur<\/strong><\/span><\/h4>\n<p>&nbsp;<\/p>\n<p style=\"text-align: center;\">n\u00e9 \u00e0 La Chaise (Saint-Pardoux-Lavaud)<\/p>\n<p style=\"text-align: center;\">le 7 d\u00e9cembre 1818<\/p>\n<p style=\"text-align: center;\">fils de<\/p>\n<p style=\"text-align: center;\">L\u00e9onard LENOIR \/ Anne DUTREIX<\/p>\n<p style=\"text-align: center;\">propri\u00e9taires cultivateurs<\/p>\n<p style=\"text-align: center;\"><span style=\"color: #ffffff;\">\u25d9<\/span><\/p>\n<p><strong>En 1839<\/strong><em>, L\u00e9onard travaille dans le <\/em><span style=\"color: #0000ff;\"><strong>Rh\u00f4ne (69)<\/strong><\/span><em> et y passe le conseil de r\u00e9vision.<\/em><\/p>\n<p><em> Il \u00e9pouse Anne <\/em><strong>CHAIZE<\/strong><em> le 25 f\u00e9vrier<\/em> <strong>1840<\/strong> <em>\u00e0 Gentioux. Ils habitent le village de La Chaise. Il ne sait pas encore signer.<\/em><\/p>\n<p>\u25ba<span style=\"color: #000000;\"><strong><a style=\"color: #000000;\" href=\"https:\/\/www.lesmaconsdelacreuse.fr\/annuaires\/\/wp-content\/uploads\/DOCUMENTS\/1872_-_Leonard_LENOIR_maitre_macon_a_Chassors.pdf\" target=\"_blank\" rel=\"noopener noreferrer\">En 1872<\/a><\/strong><\/span><em>, L\u00e9onard est \u00e0 Villeneuve, commune de <\/em><span style=\"color: #0000ff;\"><strong>Chassors (16)<\/strong><\/span><em>. <\/em><\/p>\n<p><em>Les \u00e9poux d\u00e9c\u00e8dent \u00e0 La Chaise\u00a0:<\/em><\/p>\n<ul>\n<li><em>L\u00e9onard, le 5 juillet <\/em><strong>1874<\/strong><em><strong>,<\/strong> \u00e2g\u00e9 de 55 ans<\/em><\/li>\n<li><em>Anne, le 16 mai <\/em><strong>1876<\/strong><em>, \u00e2g\u00e9e de 58 ans<\/em><\/li>\n<\/ul>\n<p>&nbsp;<\/p>\n","protected":false},"excerpt":{"rendered":"<p>Mis \u00e0 jour le : 01\/05\/2026L\u00e9onard LENOIR dit Le Pl\u00e2trier 1818 \u2013 1874 \u25ba\u00a0ma\u00eetre ma\u00e7on et cultivateur &nbsp; n\u00e9 \u00e0 La Chaise (Saint-Pardoux-Lavaud) le 7 d\u00e9cembre 1818 fils de L\u00e9onard LENOIR \/ Anne DUTREIX propri\u00e9taires cultivateurs \u25d9 En 1839, L\u00e9onard travaille dans le Rh\u00f4ne (69) et y passe le conseil de r\u00e9vision. Il \u00e9pouse Anne ..<\/p>\n<div class=\"clear-fix\"><\/div>\n<p><a href=\"https:\/\/www.lesmaconsdelacreuse.fr\/annuaires\/lettre-l\/l_1387\/\" title=\"Lire la suite...\">Lire la suite<\/a><\/p>\n","protected":false},"author":6,"featured_media":0,"comment_status":"closed","ping_status":"closed","sticky":false,"template":"","format":"standard","meta":{"_acf_changed":false,"_exactmetrics_skip_tracking":false,"_exactmetrics_sitenote_active":false,"_exactmetrics_sitenote_note":"","_exactmetrics_sitenote_category":0,"footnotes":""},"categories":[19],"tags":[],"class_list":["post-7870","post","type-post","status-publish","format-standard","hentry","category-lettre-l"],"acf":[],"_links":{"self":[{"href":"https:\/\/www.lesmaconsdelacreuse.fr\/annuaires\/wp-json\/wp\/v2\/posts\/7870","targetHints":{"allow":["GET"]}}],"collection":[{"href":"https:\/\/www.lesmaconsdelacreuse.fr\/annuaires\/wp-json\/wp\/v2\/posts"}],"about":[{"href":"https:\/\/www.lesmaconsdelacreuse.fr\/annuaires\/wp-json\/wp\/v2\/types\/post"}],"author":[{"embeddable":true,"href":"https:\/\/www.lesmaconsdelacreuse.fr\/annuaires\/wp-json\/wp\/v2\/users\/6"}],"replies":[{"embeddable":true,"href":"https:\/\/www.lesmaconsdelacreuse.fr\/annuaires\/wp-json\/wp\/v2\/comments?post=7870"}],"version-history":[{"count":0,"href":"https:\/\/www.lesmaconsdelacreuse.fr\/annuaires\/wp-json\/wp\/v2\/posts\/7870\/revisions"}],"wp:attachment":[{"href":"https:\/\/www.lesmaconsdelacreuse.fr\/annuaires\/wp-json\/wp\/v2\/media?parent=7870"}],"wp:term":[{"taxonomy":"category","embeddable":true,"href":"https:\/\/www.lesmaconsdelacreuse.fr\/annuaires\/wp-json\/wp\/v2\/categories?post=7870"},{"taxonomy":"post_tag","embeddable":true,"href":"https:\/\/www.lesmaconsdelacreuse.fr\/annuaires\/wp-json\/wp\/v2\/tags?post=7870"}],"curies":[{"name":"wp","href":"https:\/\/api.w.org\/{rel}","templated":true}]}}