{"id":7885,"date":"2019-07-28T13:33:14","date_gmt":"2019-07-28T11:33:14","guid":{"rendered":"http:\/\/lesmaconsdelacreuse.fr\/annuaire\/?p=7885"},"modified":"2020-01-20T11:29:30","modified_gmt":"2020-01-20T10:29:30","slug":"l_1399","status":"publish","type":"post","link":"https:\/\/www.lesmaconsdelacreuse.fr\/annuaires\/lettre-l\/l_1399\/","title":{"rendered":"LENOIR L\u00e9onard (vers 1839-1869)"},"content":{"rendered":"<p class=\"last-updated\"><strong>Mis \u00e0 jour le :<\/strong> 01\/05\/2026<\/p><h2 style=\"text-align: center;\"><strong>L\u00e9onard LENOIR<\/strong><\/h2>\n<p style=\"text-align: center;\"><strong>vers 1839 &#8211; 1869<\/strong><\/p>\n<h4 style=\"text-align: center;\"><span style=\"color: #008000;\"><strong>ma\u00e7on<\/strong><\/span><\/h4>\n<p style=\"text-align: center;\">n\u00e9 \u00e0 Roy\u00e8re\u00a0?<\/p>\n<p style=\"text-align: center;\">vers 1839<\/p>\n<p style=\"text-align: center;\"><span style=\"color: #ffffff;\">\u25d9<\/span><\/p>\n<p><em>L\u00e9onard d\u00e9c\u00e8de <\/em><strong>c\u00e9libataire<\/strong><em> le 20 octobre <\/em><strong>1869<\/strong><em> dans la commune de <\/em><strong><span style=\"color: #0000ff;\">Saint-Quantin-de-Ran\u00e7anne (17)<\/span><\/strong><em>. L\u2019acte n\u2019est pas filiatif. <\/em><\/p>\n<p><em>Il peut s\u2019agir de L\u00e9onard, n\u00e9 \u00e0 Andaleix, commune de Roy\u00e8re, le 17 septembre 1839, fils de L\u00e9onard, ma\u00e7on, et de Marguerite DURAT.<\/em><\/p>\n","protected":false},"excerpt":{"rendered":"<p>Mis \u00e0 jour le : 01\/05\/2026L\u00e9onard LENOIR vers 1839 &#8211; 1869 ma\u00e7on n\u00e9 \u00e0 Roy\u00e8re\u00a0? vers 1839 \u25d9 L\u00e9onard d\u00e9c\u00e8de c\u00e9libataire le 20 octobre 1869 dans la commune de Saint-Quantin-de-Ran\u00e7anne (17). L\u2019acte n\u2019est pas filiatif. Il peut s\u2019agir de L\u00e9onard, n\u00e9 \u00e0 Andaleix, commune de Roy\u00e8re, le 17 septembre 1839, fils de L\u00e9onard, ma\u00e7on, et ..<\/p>\n<div class=\"clear-fix\"><\/div>\n<p><a href=\"https:\/\/www.lesmaconsdelacreuse.fr\/annuaires\/lettre-l\/l_1399\/\" title=\"Lire la suite...\">Lire la suite<\/a><\/p>\n","protected":false},"author":6,"featured_media":0,"comment_status":"closed","ping_status":"closed","sticky":false,"template":"","format":"standard","meta":{"_acf_changed":false,"_exactmetrics_skip_tracking":false,"_exactmetrics_sitenote_active":false,"_exactmetrics_sitenote_note":"","_exactmetrics_sitenote_category":0,"footnotes":""},"categories":[19],"tags":[],"class_list":["post-7885","post","type-post","status-publish","format-standard","hentry","category-lettre-l"],"acf":[],"_links":{"self":[{"href":"https:\/\/www.lesmaconsdelacreuse.fr\/annuaires\/wp-json\/wp\/v2\/posts\/7885","targetHints":{"allow":["GET"]}}],"collection":[{"href":"https:\/\/www.lesmaconsdelacreuse.fr\/annuaires\/wp-json\/wp\/v2\/posts"}],"about":[{"href":"https:\/\/www.lesmaconsdelacreuse.fr\/annuaires\/wp-json\/wp\/v2\/types\/post"}],"author":[{"embeddable":true,"href":"https:\/\/www.lesmaconsdelacreuse.fr\/annuaires\/wp-json\/wp\/v2\/users\/6"}],"replies":[{"embeddable":true,"href":"https:\/\/www.lesmaconsdelacreuse.fr\/annuaires\/wp-json\/wp\/v2\/comments?post=7885"}],"version-history":[{"count":0,"href":"https:\/\/www.lesmaconsdelacreuse.fr\/annuaires\/wp-json\/wp\/v2\/posts\/7885\/revisions"}],"wp:attachment":[{"href":"https:\/\/www.lesmaconsdelacreuse.fr\/annuaires\/wp-json\/wp\/v2\/media?parent=7885"}],"wp:term":[{"taxonomy":"category","embeddable":true,"href":"https:\/\/www.lesmaconsdelacreuse.fr\/annuaires\/wp-json\/wp\/v2\/categories?post=7885"},{"taxonomy":"post_tag","embeddable":true,"href":"https:\/\/www.lesmaconsdelacreuse.fr\/annuaires\/wp-json\/wp\/v2\/tags?post=7885"}],"curies":[{"name":"wp","href":"https:\/\/api.w.org\/{rel}","templated":true}]}}