{"id":7890,"date":"2019-07-28T13:33:14","date_gmt":"2019-07-28T11:33:14","guid":{"rendered":"http:\/\/lesmaconsdelacreuse.fr\/annuaire\/?p=7890"},"modified":"2020-01-20T11:29:29","modified_gmt":"2020-01-20T10:29:29","slug":"l_1450","status":"publish","type":"post","link":"https:\/\/www.lesmaconsdelacreuse.fr\/annuaires\/lettre-l\/l_1450\/","title":{"rendered":"LENOIR Pierre (1863-apr\u00e8s 1922)"},"content":{"rendered":"<p class=\"last-updated\"><strong>Mis \u00e0 jour le :<\/strong> 01\/05\/2026<\/p><h2 style=\"text-align: center;\"><strong>Pierre LENOIR<\/strong><\/h2>\n<p style=\"text-align: center;\"><strong>1863 \u2013 apr\u00e8s 1922<\/strong><\/p>\n<p style=\"text-align: center;\"><img loading=\"lazy\" decoding=\"async\" class=\"\" title=\"\" src=\"https:\/\/lesmaconsdelacreuse.fr\/annuaire\/wp-content\/uploads\/2019\/07\/image1-2134.jpg\" alt=\"\" width=\"377\" height=\"76\" data-source-id=\"i.0\" data-asset-id=\"7887\" \/><\/p>\n<h4 style=\"text-align: center;\"><span style=\"color: #008000;\"><strong>ma\u00e7on<\/strong><\/span><\/h4>\n<p style=\"text-align: center;\">n\u00e9 au Mas (Roy\u00e8re)<\/p>\n<p style=\"text-align: center;\">le 18 septembre 1863<\/p>\n<p style=\"text-align: center;\">fils de<\/p>\n<p style=\"text-align: center;\">Jean LENOIR, <span style=\"color: #008000;\"><strong>ma\u00e7on <\/strong><\/span><strong>\/ <\/strong>L\u00e9onarde BOURDEAU<\/p>\n<p style=\"text-align: center;\">propri\u00e9taires cultivateurs<\/p>\n<p style=\"text-align: center;\"><span style=\"color: #ffffff;\">\u25d9<\/span><\/p>\n<p><em>Pierre \u00e9pouse Marie Augustine <\/em><strong>MARITAUD<\/strong><em> le 2 f\u00e9vrier <\/em><strong>1889<\/strong><em> \u00e0 Saint-Martin-Ch\u00e2teau (contrat Toumieux \u00e0 Roy\u00e8re). <\/em><\/p>\n<p><em>D\u00e8s 1889 et au moins <\/em><strong>jusqu\u2019en 1922<\/strong><em>, le couple est \u00e0 <\/em><strong><span style=\"color: #0000ff;\">Saint-Cyr-au-Mont-d\u2019Or (69) <\/span><\/strong><em>. (\u25ba<\/em><span style=\"color: #000000;\"><strong><a target=\"_blank\"style=\"color: #000000;\" href=\"https:\/\/www.lesmaconsdelacreuse.fr\/annuaires\/\/wp-content\/uploads\/DOCUMENTS\/1920_-_Pierre_LENOIR_a_Saint-Cyr-au-Mont-dOr.pdf\">en 1920<\/a><\/strong><\/span><em>, ils habitent rue Pierre Dupont).<\/em><\/p>\n","protected":false},"excerpt":{"rendered":"<p>Mis \u00e0 jour le : 01\/05\/2026Pierre LENOIR 1863 \u2013 apr\u00e8s 1922 ma\u00e7on n\u00e9 au Mas (Roy\u00e8re) le 18 septembre 1863 fils de Jean LENOIR, ma\u00e7on \/ L\u00e9onarde BOURDEAU propri\u00e9taires cultivateurs \u25d9 Pierre \u00e9pouse Marie Augustine MARITAUD le 2 f\u00e9vrier 1889 \u00e0 Saint-Martin-Ch\u00e2teau (contrat Toumieux \u00e0 Roy\u00e8re). D\u00e8s 1889 et au moins jusqu\u2019en 1922, le couple ..<\/p>\n<div class=\"clear-fix\"><\/div>\n<p><a href=\"https:\/\/www.lesmaconsdelacreuse.fr\/annuaires\/lettre-l\/l_1450\/\" title=\"Lire la suite...\">Lire la suite<\/a><\/p>\n","protected":false},"author":6,"featured_media":0,"comment_status":"closed","ping_status":"closed","sticky":false,"template":"","format":"standard","meta":{"_acf_changed":false,"_exactmetrics_skip_tracking":false,"_exactmetrics_sitenote_active":false,"_exactmetrics_sitenote_note":"","_exactmetrics_sitenote_category":0,"footnotes":""},"categories":[19],"tags":[],"class_list":["post-7890","post","type-post","status-publish","format-standard","hentry","category-lettre-l"],"acf":[],"_links":{"self":[{"href":"https:\/\/www.lesmaconsdelacreuse.fr\/annuaires\/wp-json\/wp\/v2\/posts\/7890","targetHints":{"allow":["GET"]}}],"collection":[{"href":"https:\/\/www.lesmaconsdelacreuse.fr\/annuaires\/wp-json\/wp\/v2\/posts"}],"about":[{"href":"https:\/\/www.lesmaconsdelacreuse.fr\/annuaires\/wp-json\/wp\/v2\/types\/post"}],"author":[{"embeddable":true,"href":"https:\/\/www.lesmaconsdelacreuse.fr\/annuaires\/wp-json\/wp\/v2\/users\/6"}],"replies":[{"embeddable":true,"href":"https:\/\/www.lesmaconsdelacreuse.fr\/annuaires\/wp-json\/wp\/v2\/comments?post=7890"}],"version-history":[{"count":0,"href":"https:\/\/www.lesmaconsdelacreuse.fr\/annuaires\/wp-json\/wp\/v2\/posts\/7890\/revisions"}],"wp:attachment":[{"href":"https:\/\/www.lesmaconsdelacreuse.fr\/annuaires\/wp-json\/wp\/v2\/media?parent=7890"}],"wp:term":[{"taxonomy":"category","embeddable":true,"href":"https:\/\/www.lesmaconsdelacreuse.fr\/annuaires\/wp-json\/wp\/v2\/categories?post=7890"},{"taxonomy":"post_tag","embeddable":true,"href":"https:\/\/www.lesmaconsdelacreuse.fr\/annuaires\/wp-json\/wp\/v2\/tags?post=7890"}],"curies":[{"name":"wp","href":"https:\/\/api.w.org\/{rel}","templated":true}]}}