{"id":7894,"date":"2019-07-28T13:33:14","date_gmt":"2019-07-28T11:33:14","guid":{"rendered":"http:\/\/lesmaconsdelacreuse.fr\/annuaire\/?p=7894"},"modified":"2020-10-02T17:13:02","modified_gmt":"2020-10-02T15:13:02","slug":"l_1445","status":"publish","type":"post","link":"https:\/\/www.lesmaconsdelacreuse.fr\/annuaires\/lettre-l\/l_1445\/","title":{"rendered":"LENOIR Pierre (1838-1893)"},"content":{"rendered":"<p class=\"last-updated\"><strong>Mis \u00e0 jour le :<\/strong> 01\/05\/2026<\/p><h2 style=\"text-align: center;\"><strong>Pierre LENOIR<\/strong><\/h2>\n<p style=\"text-align: center;\"><strong>1838 \u2013 1893<\/strong><\/p>\n<p style=\"text-align: center;\"><img decoding=\"async\" title=\"\" src=\"https:\/\/lesmaconsdelacreuse.fr\/annuaire\/wp-content\/uploads\/2019\/07\/image1-2136.jpg\" alt=\"\" data-source-id=\"i.0\" data-asset-id=\"7892\" \/><\/p>\n<h4 style=\"text-align: center;\"><span style=\"color: #008000;\"><strong>ma\u00e7on <\/strong>et <em><strong>\u25ba<span style=\"color: #008000;\"><a style=\"color: #008000;\" href=\"https:\/\/www.lesmaconsdelacreuse.fr\/annuaires\/wp-content\/uploads\/2020\/08\/LOGEUR-LOGEUSE.png\">logeur<\/a><\/span><\/strong><\/em>; <strong>plombier<\/strong><\/span><\/h4>\n<p>&nbsp;<\/p>\n<p style=\"text-align: center;\">n\u00e9 \u00e0 Prasinat (Saint-Martin-Ch\u00e2teau)<\/p>\n<p style=\"text-align: center;\">le 1er octobre 1838<\/p>\n<p style=\"text-align: center;\">fils de<\/p>\n<p style=\"text-align: center;\">Joseph LENOIR, <span style=\"color: #008000;\"><strong>ma\u00e7on <span style=\"color: #008000;\">\/ <\/span><\/strong><\/span>Jeanne VALETTE<\/p>\n<p style=\"text-align: center;\">propri\u00e9taires cultivateurs<\/p>\n<p style=\"text-align: center;\"><span style=\"color: #ffffff;\">\u25d9<\/span><\/p>\n<p><strong>En 1859<\/strong><em>, Pierre, <\/em><strong><span style=\"color: #008000;\">ma\u00e7on<\/span>,<\/strong><em> est exempt\u00e9 de service militaire, ayant un fr\u00e8re sous les drapeaux.<\/em><\/p>\n<p><strong>En 1866<\/strong><em><strong>,<\/strong> il travaille \u00e0 <\/em><span style=\"color: #0000ff;\"><strong>Lyon (69)<\/strong><\/span><em> et loge 55, rue Grol\u00e9e.<\/em><\/p>\n<p><em>Il \u00e9pouse Marie Claudine <\/em><strong>LENOIR<\/strong><em>, couturi\u00e8re creusoise, <\/em> <em>le 5 mai de la m\u00eame ann\u00e9e \u00e0 Lyon 2e\u00a0 (mari\u00e9s sans contrat). L\u2019acte l\u00e9gitime une fille n\u00e9e de leur liaison en 1862, \u00e0 Vaulx (74). <\/em><\/p>\n<p>Fin 1866<em>, ils sont \u00e0 Lyon, rue des Marronniers\u00a0;<\/em><\/p>\n<p><strong>en 1867<\/strong><em>, ils sont <\/em><span style=\"color: #008000;\"><strong>logeurs<\/strong><\/span><em> \u00e0 la m\u00eame adresse. <\/em><\/p>\n<p><strong>En 1872<\/strong><em>, lors du recensement, ils habitent 39, rue Grol\u00e9e, 2e arrondissement, avec 3 enfants, et Pierre est <\/em><span style=\"color: #008000;\"><strong>plombier<\/strong><\/span><em>.<\/em><\/p>\n<p><strong>En 1876<\/strong><em>, ils sont 2, rue Saint-Claude, 1er arrondissement. Pierre est incarc\u00e9r\u00e9 pour vol \u00e0 la \u25ba<a href=\"https:\/\/www.lesmaconsdelacreuse.fr\/annuaires\/wp-content\/uploads\/2020\/08\/PRISON-SAINT-PAUL.png\" target=\"_blank\" rel=\"noopener noreferrer\">prison Saint-Paul<\/a> pendant une semaine.<\/em><\/p>\n<p><strong>En 1893<\/strong><em>, ils habitent 59, rue de Vauban, 6e arrondissement.<\/em><\/p>\n<p><em>Pierre d\u00e9c\u00e8de \u00e0 cette adresse le 26 d\u00e9cembre de la m\u00eame ann\u00e9e, \u00e2g\u00e9 de 55 ans.<\/em><\/p>\n<p>&nbsp;<\/p>\n","protected":false},"excerpt":{"rendered":"<p>Mis \u00e0 jour le : 01\/05\/2026Pierre LENOIR 1838 \u2013 1893 ma\u00e7on et \u25balogeur; plombier &nbsp; n\u00e9 \u00e0 Prasinat (Saint-Martin-Ch\u00e2teau) le 1er octobre 1838 fils de Joseph LENOIR, ma\u00e7on \/ Jeanne VALETTE propri\u00e9taires cultivateurs \u25d9 En 1859, Pierre, ma\u00e7on, est exempt\u00e9 de service militaire, ayant un fr\u00e8re sous les drapeaux. En 1866, il travaille \u00e0 Lyon ..<\/p>\n<div class=\"clear-fix\"><\/div>\n<p><a href=\"https:\/\/www.lesmaconsdelacreuse.fr\/annuaires\/lettre-l\/l_1445\/\" title=\"Lire la suite...\">Lire la suite<\/a><\/p>\n","protected":false},"author":6,"featured_media":0,"comment_status":"closed","ping_status":"closed","sticky":false,"template":"","format":"standard","meta":{"_acf_changed":false,"_exactmetrics_skip_tracking":false,"_exactmetrics_sitenote_active":false,"_exactmetrics_sitenote_note":"","_exactmetrics_sitenote_category":0,"footnotes":""},"categories":[19],"tags":[],"class_list":["post-7894","post","type-post","status-publish","format-standard","hentry","category-lettre-l"],"acf":[],"_links":{"self":[{"href":"https:\/\/www.lesmaconsdelacreuse.fr\/annuaires\/wp-json\/wp\/v2\/posts\/7894","targetHints":{"allow":["GET"]}}],"collection":[{"href":"https:\/\/www.lesmaconsdelacreuse.fr\/annuaires\/wp-json\/wp\/v2\/posts"}],"about":[{"href":"https:\/\/www.lesmaconsdelacreuse.fr\/annuaires\/wp-json\/wp\/v2\/types\/post"}],"author":[{"embeddable":true,"href":"https:\/\/www.lesmaconsdelacreuse.fr\/annuaires\/wp-json\/wp\/v2\/users\/6"}],"replies":[{"embeddable":true,"href":"https:\/\/www.lesmaconsdelacreuse.fr\/annuaires\/wp-json\/wp\/v2\/comments?post=7894"}],"version-history":[{"count":0,"href":"https:\/\/www.lesmaconsdelacreuse.fr\/annuaires\/wp-json\/wp\/v2\/posts\/7894\/revisions"}],"wp:attachment":[{"href":"https:\/\/www.lesmaconsdelacreuse.fr\/annuaires\/wp-json\/wp\/v2\/media?parent=7894"}],"wp:term":[{"taxonomy":"category","embeddable":true,"href":"https:\/\/www.lesmaconsdelacreuse.fr\/annuaires\/wp-json\/wp\/v2\/categories?post=7894"},{"taxonomy":"post_tag","embeddable":true,"href":"https:\/\/www.lesmaconsdelacreuse.fr\/annuaires\/wp-json\/wp\/v2\/tags?post=7894"}],"curies":[{"name":"wp","href":"https:\/\/api.w.org\/{rel}","templated":true}]}}