{"id":7900,"date":"2019-07-28T13:33:13","date_gmt":"2019-07-28T11:33:13","guid":{"rendered":"http:\/\/lesmaconsdelacreuse.fr\/annuaire\/?p=7900"},"modified":"2020-01-20T11:29:32","modified_gmt":"2020-01-20T10:29:32","slug":"l_1439","status":"publish","type":"post","link":"https:\/\/www.lesmaconsdelacreuse.fr\/annuaires\/lettre-l\/l_1439\/","title":{"rendered":"LENOIR Pierre (1736-1803)"},"content":{"rendered":"<p class=\"last-updated\"><strong>Mis \u00e0 jour le :<\/strong> 01\/05\/2026<\/p><h2 style=\"text-align: center;\"><strong>Pierre LENOIR<\/strong><\/h2>\n<p style=\"text-align: center;\"><strong>1736 \u2013 1803<\/strong><\/p>\n<p style=\"text-align: center;\"><img decoding=\"async\" title=\"\" src=\"https:\/\/lesmaconsdelacreuse.fr\/annuaire\/wp-content\/uploads\/2019\/07\/image1-2139.jpg\" alt=\"\" data-source-id=\"i.0\" data-asset-id=\"7898\" \/><\/p>\n<h4 style=\"text-align: center;\"><span style=\"color: #008000;\"><strong>ma\u00e7on <\/strong>et<strong> laboureur<\/strong><\/span><\/h4>\n<p style=\"text-align: center;\">n\u00e9 \u00e0 Jeansanetas (Roy\u00e8re)<\/p>\n<p style=\"text-align: center;\">baptis\u00e9 le 13 septembre 1736 \u00e0 Roy\u00e8re<\/p>\n<p style=\"text-align: center;\">fils de<\/p>\n<p style=\"text-align: center;\">Antoine LENOIR \/ Marie LEROUDIER<\/p>\n<p style=\"text-align: center;\">laboureurs<\/p>\n<p style=\"text-align: center;\"><span style=\"color: #ffffff;\">\u25d9<\/span><\/p>\n<p><em>Pierre \u00e9pouse Louise <\/em><strong>BENETON<\/strong><em> le 22 f\u00e9vrier <\/em><strong>1762<\/strong><em> \u00e0 Roy\u00e8re.<\/em><\/p>\n<p><em> Ils habitent Villecros.<\/em><\/p>\n<p><em>Ils y d\u00e9c\u00e8dent\u00a0:<\/em><\/p>\n<ul>\n<li><em>Louise, inhum\u00e9e \u00e0 Roy\u00e8re le 10 novembre <\/em><strong>1780<\/strong><em>, \u00e2g\u00e9e de 31 ans<\/em><\/li>\n<li><em>Pierre, le 12 brumaire an XII (4 novembre <\/em><strong>1803<\/strong><em>), \u00e2g\u00e9 de 67 ans<\/em><\/li>\n<\/ul>\n","protected":false},"excerpt":{"rendered":"<p>Mis \u00e0 jour le : 01\/05\/2026Pierre LENOIR 1736 \u2013 1803 ma\u00e7on et laboureur n\u00e9 \u00e0 Jeansanetas (Roy\u00e8re) baptis\u00e9 le 13 septembre 1736 \u00e0 Roy\u00e8re fils de Antoine LENOIR \/ Marie LEROUDIER laboureurs \u25d9 Pierre \u00e9pouse Louise BENETON le 22 f\u00e9vrier 1762 \u00e0 Roy\u00e8re. Ils habitent Villecros. Ils y d\u00e9c\u00e8dent\u00a0: Louise, inhum\u00e9e \u00e0 Roy\u00e8re le 10 ..<\/p>\n<div class=\"clear-fix\"><\/div>\n<p><a href=\"https:\/\/www.lesmaconsdelacreuse.fr\/annuaires\/lettre-l\/l_1439\/\" title=\"Lire la suite...\">Lire la suite<\/a><\/p>\n","protected":false},"author":6,"featured_media":0,"comment_status":"closed","ping_status":"closed","sticky":false,"template":"","format":"standard","meta":{"_acf_changed":false,"_exactmetrics_skip_tracking":false,"_exactmetrics_sitenote_active":false,"_exactmetrics_sitenote_note":"","_exactmetrics_sitenote_category":0,"footnotes":""},"categories":[19],"tags":[],"class_list":["post-7900","post","type-post","status-publish","format-standard","hentry","category-lettre-l"],"acf":[],"_links":{"self":[{"href":"https:\/\/www.lesmaconsdelacreuse.fr\/annuaires\/wp-json\/wp\/v2\/posts\/7900","targetHints":{"allow":["GET"]}}],"collection":[{"href":"https:\/\/www.lesmaconsdelacreuse.fr\/annuaires\/wp-json\/wp\/v2\/posts"}],"about":[{"href":"https:\/\/www.lesmaconsdelacreuse.fr\/annuaires\/wp-json\/wp\/v2\/types\/post"}],"author":[{"embeddable":true,"href":"https:\/\/www.lesmaconsdelacreuse.fr\/annuaires\/wp-json\/wp\/v2\/users\/6"}],"replies":[{"embeddable":true,"href":"https:\/\/www.lesmaconsdelacreuse.fr\/annuaires\/wp-json\/wp\/v2\/comments?post=7900"}],"version-history":[{"count":0,"href":"https:\/\/www.lesmaconsdelacreuse.fr\/annuaires\/wp-json\/wp\/v2\/posts\/7900\/revisions"}],"wp:attachment":[{"href":"https:\/\/www.lesmaconsdelacreuse.fr\/annuaires\/wp-json\/wp\/v2\/media?parent=7900"}],"wp:term":[{"taxonomy":"category","embeddable":true,"href":"https:\/\/www.lesmaconsdelacreuse.fr\/annuaires\/wp-json\/wp\/v2\/categories?post=7900"},{"taxonomy":"post_tag","embeddable":true,"href":"https:\/\/www.lesmaconsdelacreuse.fr\/annuaires\/wp-json\/wp\/v2\/tags?post=7900"}],"curies":[{"name":"wp","href":"https:\/\/api.w.org\/{rel}","templated":true}]}}