{"id":7901,"date":"2019-07-28T13:33:14","date_gmt":"2019-07-28T11:33:14","guid":{"rendered":"http:\/\/lesmaconsdelacreuse.fr\/annuaire\/?p=7901"},"modified":"2020-09-23T14:56:16","modified_gmt":"2020-09-23T12:56:16","slug":"l_1397","status":"publish","type":"post","link":"https:\/\/www.lesmaconsdelacreuse.fr\/annuaires\/lettre-l\/l_1397\/","title":{"rendered":"LENOIR L\u00e9onard (1835-1897)"},"content":{"rendered":"<p class=\"last-updated\"><strong>Mis \u00e0 jour le :<\/strong> 01\/05\/2026<\/p><h2 style=\"text-align: center;\"><strong>L\u00e9onard LENOIR<\/strong><\/h2>\n<p style=\"text-align: center;\"><strong>1835 \u2013 1897<\/strong><\/p>\n<p style=\"text-align: center;\"><img decoding=\"async\" title=\"\" src=\"https:\/\/lesmaconsdelacreuse.fr\/annuaire\/wp-content\/uploads\/2019\/07\/image1-2140.jpg\" alt=\"\" data-source-id=\"i.0\" data-asset-id=\"7899\" \/><\/p>\n<h4 style=\"text-align: center;\"><span style=\"color: #008000;\"><strong>ma\u00e7on<\/strong><\/span><\/h4>\n<p>&nbsp;<\/p>\n<p style=\"text-align: center;\">n\u00e9 au bourg de Saint-Pardoux-Lavaud<\/p>\n<p style=\"text-align: center;\">le 26 novembre 1835<\/p>\n<p style=\"text-align: center;\">fils de<\/p>\n<p style=\"text-align: center;\">Martial LENOIR,<span style=\"color: #008000;\"> <strong>ma\u00e7on<\/strong><\/span><\/p>\n<p style=\"text-align: center;\">Anne LANIQUE, cultivatrice<\/p>\n<p style=\"text-align: center;\"><span style=\"color: #ffffff;\">\u25d9<\/span><\/p>\n<p><em>L\u00e9onard habite Aug\u00e8res, commune de Faux-Mazuras, avec sa m\u00e8re, lorsqu\u2019il \u00e9pouse Marguerite Am\u00e9lie <\/em><strong>SURDIEUX<\/strong><em>, \u25ba<a href=\"https:\/\/www.lesmaconsdelacreuse.fr\/annuaires\/wp-content\/uploads\/2019\/07\/CULOTTI\u00c8RE.png\" target=\"_blank\" rel=\"noopener noreferrer\">culotti\u00e8re<\/a>, le 20 mars <\/em><strong>1860<\/strong><em> \u00e0 Faux-Mazuras (contrat Berger \u00e0 Bourganeuf). <\/em><\/p>\n<p><em>Le couple habite <\/em><span style=\"color: #0000ff;\"><strong>Lyon (69)<\/strong><\/span><em><span style=\"color: #0000ff;\">\u00a0<\/span>:<\/em><\/p>\n<p><strong>en 1863 et 1868<\/strong><em>, 12, rue Moncey\u00a0;<\/em><\/p>\n<p><strong>en 1868<\/strong><em>, 13, rue de l\u2019Humilit\u00e9\u00a0;<\/em><\/p>\n<p><strong>de 1872 \u00e0 1875<\/strong><em>, quartier de la Guilloti\u00e8re, 244, rue Duguesclin\u00a0; <\/em><\/p>\n<p><strong>en 1876 et 1877<\/strong><em>, 21, rue Voltaire\u00a0;<\/em><\/p>\n<p><strong>en 1897<\/strong><em>, 162, rue Paul Bert.<\/em><\/p>\n<p><em>L\u00e9onard d\u00e9c\u00e8de le 7 avril de la m\u00eame ann\u00e9e<\/em> <em>\u00e0 Lyon 3e \u00e2g\u00e9 de 61 ans, chez son gendre.<\/em><\/p>\n<p>&nbsp;<\/p>\n","protected":false},"excerpt":{"rendered":"<p>Mis \u00e0 jour le : 01\/05\/2026L\u00e9onard LENOIR 1835 \u2013 1897 ma\u00e7on &nbsp; n\u00e9 au bourg de Saint-Pardoux-Lavaud le 26 novembre 1835 fils de Martial LENOIR, ma\u00e7on Anne LANIQUE, cultivatrice \u25d9 L\u00e9onard habite Aug\u00e8res, commune de Faux-Mazuras, avec sa m\u00e8re, lorsqu\u2019il \u00e9pouse Marguerite Am\u00e9lie SURDIEUX, \u25baculotti\u00e8re, le 20 mars 1860 \u00e0 Faux-Mazuras (contrat Berger \u00e0 Bourganeuf). ..<\/p>\n<div class=\"clear-fix\"><\/div>\n<p><a href=\"https:\/\/www.lesmaconsdelacreuse.fr\/annuaires\/lettre-l\/l_1397\/\" title=\"Lire la suite...\">Lire la suite<\/a><\/p>\n","protected":false},"author":6,"featured_media":0,"comment_status":"closed","ping_status":"closed","sticky":false,"template":"","format":"standard","meta":{"_acf_changed":false,"_exactmetrics_skip_tracking":false,"_exactmetrics_sitenote_active":false,"_exactmetrics_sitenote_note":"","_exactmetrics_sitenote_category":0,"footnotes":""},"categories":[19],"tags":[],"class_list":["post-7901","post","type-post","status-publish","format-standard","hentry","category-lettre-l"],"acf":[],"_links":{"self":[{"href":"https:\/\/www.lesmaconsdelacreuse.fr\/annuaires\/wp-json\/wp\/v2\/posts\/7901","targetHints":{"allow":["GET"]}}],"collection":[{"href":"https:\/\/www.lesmaconsdelacreuse.fr\/annuaires\/wp-json\/wp\/v2\/posts"}],"about":[{"href":"https:\/\/www.lesmaconsdelacreuse.fr\/annuaires\/wp-json\/wp\/v2\/types\/post"}],"author":[{"embeddable":true,"href":"https:\/\/www.lesmaconsdelacreuse.fr\/annuaires\/wp-json\/wp\/v2\/users\/6"}],"replies":[{"embeddable":true,"href":"https:\/\/www.lesmaconsdelacreuse.fr\/annuaires\/wp-json\/wp\/v2\/comments?post=7901"}],"version-history":[{"count":0,"href":"https:\/\/www.lesmaconsdelacreuse.fr\/annuaires\/wp-json\/wp\/v2\/posts\/7901\/revisions"}],"wp:attachment":[{"href":"https:\/\/www.lesmaconsdelacreuse.fr\/annuaires\/wp-json\/wp\/v2\/media?parent=7901"}],"wp:term":[{"taxonomy":"category","embeddable":true,"href":"https:\/\/www.lesmaconsdelacreuse.fr\/annuaires\/wp-json\/wp\/v2\/categories?post=7901"},{"taxonomy":"post_tag","embeddable":true,"href":"https:\/\/www.lesmaconsdelacreuse.fr\/annuaires\/wp-json\/wp\/v2\/tags?post=7901"}],"curies":[{"name":"wp","href":"https:\/\/api.w.org\/{rel}","templated":true}]}}