{"id":7915,"date":"2019-07-28T13:33:13","date_gmt":"2019-07-28T11:33:13","guid":{"rendered":"http:\/\/lesmaconsdelacreuse.fr\/annuaire\/?p=7915"},"modified":"2020-10-04T14:38:40","modified_gmt":"2020-10-04T12:38:40","slug":"l_1381","status":"publish","type":"post","link":"https:\/\/www.lesmaconsdelacreuse.fr\/annuaires\/lettre-l\/l_1381\/","title":{"rendered":"LENOIR L\u00e9onard (1813-1872)"},"content":{"rendered":"<p class=\"last-updated\"><strong>Mis \u00e0 jour le :<\/strong> 01\/05\/2026<\/p><h2 style=\"text-align: center;\"><strong>L\u00e9onard LENOIR<\/strong><\/h2>\n<p style=\"text-align: center;\"><strong>1813 \u2013 1872<\/strong><\/p>\n<p style=\"text-align: center;\"><img decoding=\"async\" title=\"\" src=\"https:\/\/lesmaconsdelacreuse.fr\/annuaire\/wp-content\/uploads\/2019\/07\/image1-129.png\" alt=\"\" data-source-id=\"i.0\" data-asset-id=\"7914\" \/><\/p>\n<h4 style=\"text-align: center;\"><span style=\"color: #008000;\"><strong>ma\u00e7on<\/strong> et\u00a0<strong><em>\u25ba<a href=\"https:\/\/www.lesmaconsdelacreuse.fr\/annuaires\/wp-content\/uploads\/2020\/07\/FUMISTE.png\" target=\"_blank\" rel=\"noopener noreferrer\"><span style=\"color: #008000;\">fumiste<\/span><\/a><\/em><\/strong><\/span><\/h4>\n<p>&nbsp;<\/p>\n<p style=\"text-align: center;\">n\u00e9 \u00e0 Andaleix (Roy\u00e8re)<\/p>\n<p style=\"text-align: center;\">le 21 mars 1813<\/p>\n<p style=\"text-align: center;\">fils de<\/p>\n<p style=\"text-align: center;\">Jean LENOIR, <span style=\"color: #008000;\"><strong>ma\u00e7on <\/strong><\/span><strong>\/ <\/strong>Anne JAUDAUX<\/p>\n<p style=\"text-align: center;\">propri\u00e9taires cultivateurs<\/p>\n<p style=\"text-align: center;\"><span style=\"color: #ffffff;\">\u25d9<\/span><\/p>\n<p><em>L\u00e9onard \u00e9pouse Marguerite <\/em><strong>LEBRAUD <\/strong><em>le 30 janvier <\/em><strong>1836<\/strong><em> \u00e0 Roy\u00e8re. <\/em><\/p>\n<p><strong>En 1842<\/strong><em>, ils sont \u00e0 <\/em><span style=\"color: #0000ff;\">Vaise (69)<\/span><em>\u00a0. Leur fille Marceline y nait\u00a0; t\u00e9moins \u00e0 l\u2019acte\u00a0: L\u00e9onard et Louis VASSEVI\u00c8RE, ma\u00eetres-ma\u00e7ons \u00e0 Vaise, peut-\u00eatre les employeurs de L\u00e9onard.<\/em><\/p>\n<p><strong>En 1868<\/strong>,<em> les \u00e9poux habitent <\/em><span style=\"color: #0000ff;\"><strong>Lyon (69)<\/strong><\/span><em>, 10, rue des Tanneurs\u00a0;<\/em><\/p>\n<p><strong>en 1872<\/strong><em>, 54, rue de la Claire, 5e arrondissement.<\/em><\/p>\n<p><em>L\u00e9onard d\u00e9c\u00e8de \u00e0 cette adresse le 17 avril de la m\u00eame ann\u00e9e<\/em>,<em> \u00e2g\u00e9 de 59 ans.<\/em><\/p>\n<p><em>Sa veuve d\u00e9c\u00e8de le 14 avril <\/em>1884<em>, \u00e2g\u00e9e de 69 ans, chez elle, 25, rue du Tunnel, aussi dans le 5e.<\/em><\/p>\n<p>&nbsp;<\/p>\n","protected":false},"excerpt":{"rendered":"<p>Mis \u00e0 jour le : 01\/05\/2026L\u00e9onard LENOIR 1813 \u2013 1872 ma\u00e7on et\u00a0\u25bafumiste &nbsp; n\u00e9 \u00e0 Andaleix (Roy\u00e8re) le 21 mars 1813 fils de Jean LENOIR, ma\u00e7on \/ Anne JAUDAUX propri\u00e9taires cultivateurs \u25d9 L\u00e9onard \u00e9pouse Marguerite LEBRAUD le 30 janvier 1836 \u00e0 Roy\u00e8re. En 1842, ils sont \u00e0 Vaise (69)\u00a0. Leur fille Marceline y nait\u00a0; t\u00e9moins ..<\/p>\n<div class=\"clear-fix\"><\/div>\n<p><a href=\"https:\/\/www.lesmaconsdelacreuse.fr\/annuaires\/lettre-l\/l_1381\/\" title=\"Lire la suite...\">Lire la suite<\/a><\/p>\n","protected":false},"author":6,"featured_media":0,"comment_status":"closed","ping_status":"closed","sticky":false,"template":"","format":"standard","meta":{"_acf_changed":false,"_exactmetrics_skip_tracking":false,"_exactmetrics_sitenote_active":false,"_exactmetrics_sitenote_note":"","_exactmetrics_sitenote_category":0,"footnotes":""},"categories":[19],"tags":[],"class_list":["post-7915","post","type-post","status-publish","format-standard","hentry","category-lettre-l"],"acf":[],"_links":{"self":[{"href":"https:\/\/www.lesmaconsdelacreuse.fr\/annuaires\/wp-json\/wp\/v2\/posts\/7915","targetHints":{"allow":["GET"]}}],"collection":[{"href":"https:\/\/www.lesmaconsdelacreuse.fr\/annuaires\/wp-json\/wp\/v2\/posts"}],"about":[{"href":"https:\/\/www.lesmaconsdelacreuse.fr\/annuaires\/wp-json\/wp\/v2\/types\/post"}],"author":[{"embeddable":true,"href":"https:\/\/www.lesmaconsdelacreuse.fr\/annuaires\/wp-json\/wp\/v2\/users\/6"}],"replies":[{"embeddable":true,"href":"https:\/\/www.lesmaconsdelacreuse.fr\/annuaires\/wp-json\/wp\/v2\/comments?post=7915"}],"version-history":[{"count":0,"href":"https:\/\/www.lesmaconsdelacreuse.fr\/annuaires\/wp-json\/wp\/v2\/posts\/7915\/revisions"}],"wp:attachment":[{"href":"https:\/\/www.lesmaconsdelacreuse.fr\/annuaires\/wp-json\/wp\/v2\/media?parent=7915"}],"wp:term":[{"taxonomy":"category","embeddable":true,"href":"https:\/\/www.lesmaconsdelacreuse.fr\/annuaires\/wp-json\/wp\/v2\/categories?post=7915"},{"taxonomy":"post_tag","embeddable":true,"href":"https:\/\/www.lesmaconsdelacreuse.fr\/annuaires\/wp-json\/wp\/v2\/tags?post=7915"}],"curies":[{"name":"wp","href":"https:\/\/api.w.org\/{rel}","templated":true}]}}