{"id":7921,"date":"2019-07-28T13:33:12","date_gmt":"2019-07-28T11:33:12","guid":{"rendered":"http:\/\/lesmaconsdelacreuse.fr\/annuaire\/?p=7921"},"modified":"2020-10-03T08:54:50","modified_gmt":"2020-10-03T06:54:50","slug":"l_1367","status":"publish","type":"post","link":"https:\/\/www.lesmaconsdelacreuse.fr\/annuaires\/lettre-l\/l_1367\/","title":{"rendered":"LENOIR L\u00e9onard (1795-1828)"},"content":{"rendered":"<p class=\"last-updated\"><strong>Mis \u00e0 jour le :<\/strong> 01\/05\/2026<\/p><h2 style=\"text-align: center;\"><strong>L\u00e9onard LENOIR<\/strong><\/h2>\n<p style=\"text-align: center;\"><strong>1795 \u2013 1828<\/strong><\/p>\n<h4 style=\"text-align: center;\"><span style=\"color: #008000;\"><strong>ma\u00e7on<\/strong><\/span><\/h4>\n<p>&nbsp;<\/p>\n<p style=\"text-align: center;\">n\u00e9 \u00e0 Haute-Faye (Roy\u00e8re)<\/p>\n<p style=\"text-align: center;\">en janvier 1795, <em>selon \u25ba<a href=\"https:\/\/www.lesmaconsdelacreuse.fr\/annuaires\/wp-content\/uploads\/2019\/08\/ACTE-DE-NOTORI\u00c9T\u00c9.png\" target=\"_blank\" rel=\"noopener noreferrer\">acte de notori\u00e9t\u00e9<\/a><br \/>\n<\/em><\/p>\n<p style=\"text-align: center;\">fils de<\/p>\n<p style=\"text-align: center;\">L\u00e9onard LENOIR, <span style=\"color: #008000;\"><strong>ma\u00e7on<\/strong><\/span><\/p>\n<p style=\"text-align: center;\">Marie PARADOUX<\/p>\n<p style=\"text-align: center;\">propri\u00e9taires cultivateurs<\/p>\n<p style=\"text-align: center;\"><span style=\"color: #ffffff;\">\u25d9<\/span><\/p>\n<p><strong>En 1828<\/strong><em>, L\u00e9onard travaille \u00e0 <\/em><span style=\"color: #0000ff;\"><strong>Lantenay (01)<\/strong><\/span><em> et loge chez M. Colas.<\/em><\/p>\n<p><em>Il d\u00e9c\u00e8de, \u00e2g\u00e9 de 33 ans, <\/em><strong>c\u00e9libataire<\/strong><em> le 31 ao\u00fbt de la m\u00eame ann\u00e9e \u00e0 l\u2019H\u00f4pital des Malades de Lyon.<\/em><\/p>\n<p>&nbsp;<\/p>\n","protected":false},"excerpt":{"rendered":"<p>Mis \u00e0 jour le : 01\/05\/2026L\u00e9onard LENOIR 1795 \u2013 1828 ma\u00e7on &nbsp; n\u00e9 \u00e0 Haute-Faye (Roy\u00e8re) en janvier 1795, selon \u25baacte de notori\u00e9t\u00e9 fils de L\u00e9onard LENOIR, ma\u00e7on Marie PARADOUX propri\u00e9taires cultivateurs \u25d9 En 1828, L\u00e9onard travaille \u00e0 Lantenay (01) et loge chez M. Colas. Il d\u00e9c\u00e8de, \u00e2g\u00e9 de 33 ans, c\u00e9libataire le 31 ao\u00fbt ..<\/p>\n<div class=\"clear-fix\"><\/div>\n<p><a href=\"https:\/\/www.lesmaconsdelacreuse.fr\/annuaires\/lettre-l\/l_1367\/\" title=\"Lire la suite...\">Lire la suite<\/a><\/p>\n","protected":false},"author":6,"featured_media":0,"comment_status":"closed","ping_status":"closed","sticky":false,"template":"","format":"standard","meta":{"_acf_changed":false,"_exactmetrics_skip_tracking":false,"_exactmetrics_sitenote_active":false,"_exactmetrics_sitenote_note":"","_exactmetrics_sitenote_category":0,"footnotes":""},"categories":[19],"tags":[],"class_list":["post-7921","post","type-post","status-publish","format-standard","hentry","category-lettre-l"],"acf":[],"_links":{"self":[{"href":"https:\/\/www.lesmaconsdelacreuse.fr\/annuaires\/wp-json\/wp\/v2\/posts\/7921","targetHints":{"allow":["GET"]}}],"collection":[{"href":"https:\/\/www.lesmaconsdelacreuse.fr\/annuaires\/wp-json\/wp\/v2\/posts"}],"about":[{"href":"https:\/\/www.lesmaconsdelacreuse.fr\/annuaires\/wp-json\/wp\/v2\/types\/post"}],"author":[{"embeddable":true,"href":"https:\/\/www.lesmaconsdelacreuse.fr\/annuaires\/wp-json\/wp\/v2\/users\/6"}],"replies":[{"embeddable":true,"href":"https:\/\/www.lesmaconsdelacreuse.fr\/annuaires\/wp-json\/wp\/v2\/comments?post=7921"}],"version-history":[{"count":0,"href":"https:\/\/www.lesmaconsdelacreuse.fr\/annuaires\/wp-json\/wp\/v2\/posts\/7921\/revisions"}],"wp:attachment":[{"href":"https:\/\/www.lesmaconsdelacreuse.fr\/annuaires\/wp-json\/wp\/v2\/media?parent=7921"}],"wp:term":[{"taxonomy":"category","embeddable":true,"href":"https:\/\/www.lesmaconsdelacreuse.fr\/annuaires\/wp-json\/wp\/v2\/categories?post=7921"},{"taxonomy":"post_tag","embeddable":true,"href":"https:\/\/www.lesmaconsdelacreuse.fr\/annuaires\/wp-json\/wp\/v2\/tags?post=7921"}],"curies":[{"name":"wp","href":"https:\/\/api.w.org\/{rel}","templated":true}]}}