{"id":7930,"date":"2019-07-28T13:33:12","date_gmt":"2019-07-28T11:33:12","guid":{"rendered":"http:\/\/lesmaconsdelacreuse.fr\/annuaire\/?p=7930"},"modified":"2020-01-20T11:29:33","modified_gmt":"2020-01-20T10:29:33","slug":"l_1421","status":"publish","type":"post","link":"https:\/\/www.lesmaconsdelacreuse.fr\/annuaires\/lettre-l\/l_1421\/","title":{"rendered":"LENOIR Martial (1851-apr\u00e8s 1900)"},"content":{"rendered":"<p class=\"last-updated\"><strong>Mis \u00e0 jour le :<\/strong> 01\/05\/2026<\/p><h2 style=\"text-align: center;\"><strong>Martial LENOIR<\/strong><\/h2>\n<p style=\"text-align: center;\"><strong>1851 \u2013 apr\u00e8s 1900<\/strong><\/p>\n<p style=\"text-align: center;\"><img decoding=\"async\" title=\"\" src=\"https:\/\/lesmaconsdelacreuse.fr\/annuaire\/wp-content\/uploads\/2019\/07\/image1-130.png\" alt=\"\" data-source-id=\"i.0\" data-asset-id=\"7928\" \/><\/p>\n<h4 style=\"text-align: center;\"><span style=\"color: #008000;\"><strong>ma\u00e7on <\/strong>et<strong> cultivateur<\/strong><\/span><\/h4>\n<p style=\"text-align: center;\">n\u00e9 \u00e0 Villecros (Roy\u00e8re)<\/p>\n<p style=\"text-align: center;\">le 20 d\u00e9cembre 1851<\/p>\n<p style=\"text-align: center;\">fils de<\/p>\n<p style=\"text-align: center;\">Jean-Jacques LENOIR, <span style=\"color: #008000;\"><strong>ma\u00e7on<\/strong><\/span><\/p>\n<p style=\"text-align: center;\">Jeanne DUBAYLE, cultivatrice<\/p>\n<p style=\"text-align: center;\"><span style=\"color: #ffffff;\">\u25d9<\/span><\/p>\n<p><strong>En 1872<\/strong><em>, Martial est exempt\u00e9 de service militaire pour cause d\u2019opacit\u00e9 du cristallin.<\/em><\/p>\n<p><em>Il \u00e9pouse Marie <\/em><strong>MEILHAC<\/strong><em>, servante, le 10 f\u00e9vrier <\/em><strong>1874<\/strong><em> \u00e0 Roy\u00e8re (contrat Toumieux). Il ne sait pas encore signer.<\/em><\/p>\n<p><strong>En 1883<\/strong><em>, il habite Quenouille, commune de Peyrat-le-Ch\u00e2teau (87).<\/em><\/p>\n<p><strong>En 1900<\/strong><em>, il travaille aux <\/em><span style=\"color: #0000ff;\"><strong>Ch\u00e8res\u00a0 (69)<\/strong><\/span><em>.<\/em><\/p>\n","protected":false},"excerpt":{"rendered":"<p>Mis \u00e0 jour le : 01\/05\/2026Martial LENOIR 1851 \u2013 apr\u00e8s 1900 ma\u00e7on et cultivateur n\u00e9 \u00e0 Villecros (Roy\u00e8re) le 20 d\u00e9cembre 1851 fils de Jean-Jacques LENOIR, ma\u00e7on Jeanne DUBAYLE, cultivatrice \u25d9 En 1872, Martial est exempt\u00e9 de service militaire pour cause d\u2019opacit\u00e9 du cristallin. Il \u00e9pouse Marie MEILHAC, servante, le 10 f\u00e9vrier 1874 \u00e0 Roy\u00e8re ..<\/p>\n<div class=\"clear-fix\"><\/div>\n<p><a href=\"https:\/\/www.lesmaconsdelacreuse.fr\/annuaires\/lettre-l\/l_1421\/\" title=\"Lire la suite...\">Lire la suite<\/a><\/p>\n","protected":false},"author":6,"featured_media":0,"comment_status":"closed","ping_status":"closed","sticky":false,"template":"","format":"standard","meta":{"_acf_changed":false,"_exactmetrics_skip_tracking":false,"_exactmetrics_sitenote_active":false,"_exactmetrics_sitenote_note":"","_exactmetrics_sitenote_category":0,"footnotes":""},"categories":[19],"tags":[],"class_list":["post-7930","post","type-post","status-publish","format-standard","hentry","category-lettre-l"],"acf":[],"_links":{"self":[{"href":"https:\/\/www.lesmaconsdelacreuse.fr\/annuaires\/wp-json\/wp\/v2\/posts\/7930","targetHints":{"allow":["GET"]}}],"collection":[{"href":"https:\/\/www.lesmaconsdelacreuse.fr\/annuaires\/wp-json\/wp\/v2\/posts"}],"about":[{"href":"https:\/\/www.lesmaconsdelacreuse.fr\/annuaires\/wp-json\/wp\/v2\/types\/post"}],"author":[{"embeddable":true,"href":"https:\/\/www.lesmaconsdelacreuse.fr\/annuaires\/wp-json\/wp\/v2\/users\/6"}],"replies":[{"embeddable":true,"href":"https:\/\/www.lesmaconsdelacreuse.fr\/annuaires\/wp-json\/wp\/v2\/comments?post=7930"}],"version-history":[{"count":0,"href":"https:\/\/www.lesmaconsdelacreuse.fr\/annuaires\/wp-json\/wp\/v2\/posts\/7930\/revisions"}],"wp:attachment":[{"href":"https:\/\/www.lesmaconsdelacreuse.fr\/annuaires\/wp-json\/wp\/v2\/media?parent=7930"}],"wp:term":[{"taxonomy":"category","embeddable":true,"href":"https:\/\/www.lesmaconsdelacreuse.fr\/annuaires\/wp-json\/wp\/v2\/categories?post=7930"},{"taxonomy":"post_tag","embeddable":true,"href":"https:\/\/www.lesmaconsdelacreuse.fr\/annuaires\/wp-json\/wp\/v2\/tags?post=7930"}],"curies":[{"name":"wp","href":"https:\/\/api.w.org\/{rel}","templated":true}]}}