{"id":7947,"date":"2019-07-28T13:33:11","date_gmt":"2019-07-28T11:33:11","guid":{"rendered":"http:\/\/lesmaconsdelacreuse.fr\/annuaire\/?p=7947"},"modified":"2020-10-11T15:06:38","modified_gmt":"2020-10-11T13:06:38","slug":"l_1415","status":"publish","type":"post","link":"https:\/\/www.lesmaconsdelacreuse.fr\/annuaires\/lettre-l\/l_1415\/","title":{"rendered":"LENEGRE Martial (1745-1792)"},"content":{"rendered":"<p class=\"last-updated\"><strong>Mis \u00e0 jour le :<\/strong> 01\/05\/2026<\/p><h2 style=\"text-align: center;\"><strong>Martial LEN\u00c8GRE<\/strong><\/h2>\n<p style=\"text-align: center;\"><strong>Martial LENOIR<\/strong><\/p>\n<p style=\"text-align: center;\"><strong>1745 \u2013 1792<\/strong><\/p>\n<p style=\"text-align: center;\"><img decoding=\"async\" title=\"\" src=\"https:\/\/lesmaconsdelacreuse.fr\/annuaire\/wp-content\/uploads\/2019\/07\/image1-2158.jpg\" alt=\"\" data-source-id=\"i.0\" data-asset-id=\"7946\" \/><\/p>\n<h4 style=\"text-align: center;\"><span style=\"color: #008000;\"><strong>ma\u00e7on<\/strong> et<strong> \u25ba<a href=\"https:\/\/www.lesmaconsdelacreuse.fr\/annuaires\/wp-content\/uploads\/2020\/08\/FERMIER-M\u00c9TAYER.png\" target=\"_blank\" rel=\"noopener noreferrer\"><span style=\"color: #008000;\">m\u00e9tayer<\/span><\/a><br \/>\n<\/strong><\/span><\/h4>\n<p>&nbsp;<\/p>\n<p style=\"text-align: center;\">n\u00e9 \u00e0 La Chaise (Saint-Pardoux-Lavaud)<\/p>\n<p style=\"text-align: center;\">le 10 septembre 1745<\/p>\n<p style=\"text-align: center;\">fils de<\/p>\n<p style=\"text-align: center;\">Antoine LEN\u00c8GRE \/ Gabrielle CHASSAGNE<\/p>\n<p style=\"text-align: center;\">laboureurs<\/p>\n<p style=\"text-align: center;\"><span style=\"color: #ffffff;\">\u25d9<\/span><\/p>\n<p><em>Martial \u00e9pouse L\u00e9onarde <\/em><strong>PEYTOUNAUD<\/strong><em> le 19 janvier <\/em><strong>1767<\/strong><em> \u00e0 Roy\u00e8re (contrat Coutisson). Ils habitent La Chaise.<\/em><\/p>\n<p>\u25ba<a href=\"https:\/\/www.lesmaconsdelacreuse.fr\/annuaires\/\/wp-content\/uploads\/DOCUMENTS\/1791_-_Adjudication_de_reparations_a_leglise_de_Saint-Pardoux-Lavaud.pub.pdf\" target=\"_blank\" rel=\"noopener noreferrer\"><span style=\"color: #ff00ff;\"><strong>En 1791<\/strong><\/span><\/a><em>, Martial est adjudicataire, avec L\u00e9onard CONCHONNET du bourg de Saint-Pardoux, de r\u00e9parations \u00e0 l\u2019\u00e9glise de leur paroisse.<\/em><\/p>\n<p><em>Les \u00e9poux d\u00e9c\u00e8dent \u00e0 La Chaise\u00a0:<\/em><\/p>\n<ul>\n<li><em>Martial, le 25 ao\u00fbt <\/em><strong>1792<\/strong><em>, \u00e2g\u00e9 de 46 ans<\/em><\/li>\n<li><em>L\u00e9onarde, le 6 niv\u00f4se an IV (27 d\u00e9cembre <\/em><strong>1795<\/strong><em>), \u00e2g\u00e9e de 47 ans<\/em><\/li>\n<\/ul>\n<p>&nbsp;<\/p>\n","protected":false},"excerpt":{"rendered":"<p>Mis \u00e0 jour le : 01\/05\/2026Martial LEN\u00c8GRE Martial LENOIR 1745 \u2013 1792 ma\u00e7on et \u25bam\u00e9tayer &nbsp; n\u00e9 \u00e0 La Chaise (Saint-Pardoux-Lavaud) le 10 septembre 1745 fils de Antoine LEN\u00c8GRE \/ Gabrielle CHASSAGNE laboureurs \u25d9 Martial \u00e9pouse L\u00e9onarde PEYTOUNAUD le 19 janvier 1767 \u00e0 Roy\u00e8re (contrat Coutisson). Ils habitent La Chaise. \u25baEn 1791, Martial est adjudicataire, ..<\/p>\n<div class=\"clear-fix\"><\/div>\n<p><a href=\"https:\/\/www.lesmaconsdelacreuse.fr\/annuaires\/lettre-l\/l_1415\/\" title=\"Lire la suite...\">Lire la suite<\/a><\/p>\n","protected":false},"author":6,"featured_media":0,"comment_status":"closed","ping_status":"closed","sticky":false,"template":"","format":"standard","meta":{"_acf_changed":false,"_exactmetrics_skip_tracking":false,"_exactmetrics_sitenote_active":false,"_exactmetrics_sitenote_note":"","_exactmetrics_sitenote_category":0,"footnotes":""},"categories":[19],"tags":[],"class_list":["post-7947","post","type-post","status-publish","format-standard","hentry","category-lettre-l"],"acf":[],"_links":{"self":[{"href":"https:\/\/www.lesmaconsdelacreuse.fr\/annuaires\/wp-json\/wp\/v2\/posts\/7947","targetHints":{"allow":["GET"]}}],"collection":[{"href":"https:\/\/www.lesmaconsdelacreuse.fr\/annuaires\/wp-json\/wp\/v2\/posts"}],"about":[{"href":"https:\/\/www.lesmaconsdelacreuse.fr\/annuaires\/wp-json\/wp\/v2\/types\/post"}],"author":[{"embeddable":true,"href":"https:\/\/www.lesmaconsdelacreuse.fr\/annuaires\/wp-json\/wp\/v2\/users\/6"}],"replies":[{"embeddable":true,"href":"https:\/\/www.lesmaconsdelacreuse.fr\/annuaires\/wp-json\/wp\/v2\/comments?post=7947"}],"version-history":[{"count":0,"href":"https:\/\/www.lesmaconsdelacreuse.fr\/annuaires\/wp-json\/wp\/v2\/posts\/7947\/revisions"}],"wp:attachment":[{"href":"https:\/\/www.lesmaconsdelacreuse.fr\/annuaires\/wp-json\/wp\/v2\/media?parent=7947"}],"wp:term":[{"taxonomy":"category","embeddable":true,"href":"https:\/\/www.lesmaconsdelacreuse.fr\/annuaires\/wp-json\/wp\/v2\/categories?post=7947"},{"taxonomy":"post_tag","embeddable":true,"href":"https:\/\/www.lesmaconsdelacreuse.fr\/annuaires\/wp-json\/wp\/v2\/tags?post=7947"}],"curies":[{"name":"wp","href":"https:\/\/api.w.org\/{rel}","templated":true}]}}