{"id":7954,"date":"2019-07-28T13:33:11","date_gmt":"2019-07-28T11:33:11","guid":{"rendered":"http:\/\/lesmaconsdelacreuse.fr\/annuaire\/?p=7954"},"modified":"2020-10-04T14:40:25","modified_gmt":"2020-10-04T12:40:25","slug":"l_1593","status":"publish","type":"post","link":"https:\/\/www.lesmaconsdelacreuse.fr\/annuaires\/lettre-l\/l_1593\/","title":{"rendered":"LESTARD Jean (1880-1960)"},"content":{"rendered":"<p class=\"last-updated\"><strong>Mis \u00e0 jour le :<\/strong> 01\/05\/2026<\/p><h2 style=\"text-align: center;\"><strong>Jean LESTARD<\/strong><\/h2>\n<p style=\"text-align: center;\"><strong>1880 &#8211; 1960<\/strong><\/p>\n<h4 style=\"text-align: center;\"><span style=\"color: #008000;\"><strong><em>\u25ba<a href=\"https:\/\/www.lesmaconsdelacreuse.fr\/annuaires\/wp-content\/uploads\/2020\/07\/FUMISTE.png\" target=\"_blank\" rel=\"noopener noreferrer\"><span style=\"color: #008000;\">fumiste<\/span><\/a><\/em><\/strong>\u00a0puis\u00a0<strong>entrepreneur de ma\u00e7onnerie<\/strong><\/span><\/h4>\n<p>&nbsp;<\/p>\n<p style=\"text-align: center;\">n\u00e9 \u00e0 Lyon 5e<\/p>\n<p style=\"text-align: center;\">le 9 octobre 1880<\/p>\n<p style=\"text-align: center;\">fils de<\/p>\n<p style=\"text-align: center;\">\u00c9tienne LESTARD, <span style=\"color: #008000;\"><strong>chef d\u2019atelier<\/strong><\/span><\/p>\n<p style=\"text-align: center;\">Louise LASCENSION, cultivatrice<\/p>\n<p style=\"text-align: center;\"><span style=\"color: #ffffff;\">\u25d9<\/span><\/p>\n<p><strong>En 1900<\/strong><em>, Jean, <\/em><span style=\"color: #008000;\"><strong>fumiste<\/strong><\/span><em>, habite Roy\u00e8re. <\/em><\/p>\n<p><strong>En 1903<\/strong><em>, il est \u00e0 <\/em><span style=\"color: #0000ff;\"><strong>Honfleur (14)<\/strong><\/span><em>, et loge place Thiers\u00a0;<\/em><\/p>\n<p><em> Il \u00e9pouse Georgina Adolphine Eug\u00e9nie <\/em><strong>RAULOT<\/strong><em> le 7 octobre <\/em><strong>1905<\/strong> <em>\u00e0 Survilliers (95). <\/em><\/p>\n<p>En d\u00e9cembre <em>de la m\u00eame ann\u00e9e, il est \u00e0 <\/em><span style=\"color: #0000ff;\"><strong>Paris (75)<\/strong><\/span><em>, 43, rue Linois\u00a0;<\/em><\/p>\n<p><strong>en 1908<\/strong><em>, 55, rue \u00c9meriau, 15e arrondissement\u00a0;<\/em><\/p>\n<p><strong>en 1911<\/strong><em>, \u00e0 La Plaine-Saint-Denis, commune de <\/em><span style=\"color: #0000ff;\"><strong>Saint-Denis (93)<\/strong><\/span><em>, 237, avenue de Paris\u00a0;<\/em><\/p>\n<p><strong>en 1914 et 1919<\/strong><em>, \u00e0 <\/em><span style=\"color: #0000ff;\"><strong>Pierrefitte (93)<\/strong><\/span><em>\u00a0;<\/em><\/p>\n<p><strong>en 1921<\/strong><em>, \u00e0 <\/em><span style=\"color: #0000ff;\"><strong>Survilliers (95)<\/strong><\/span><em> o\u00f9 il d\u00e9c\u00e8de le 16 juin <\/em>1960<em>, \u00e2g\u00e9 de 79 ans.<\/em><\/p>\n<p>&nbsp;<\/p>\n","protected":false},"excerpt":{"rendered":"<p>Mis \u00e0 jour le : 01\/05\/2026Jean LESTARD 1880 &#8211; 1960 \u25bafumiste\u00a0puis\u00a0entrepreneur de ma\u00e7onnerie &nbsp; n\u00e9 \u00e0 Lyon 5e le 9 octobre 1880 fils de \u00c9tienne LESTARD, chef d\u2019atelier Louise LASCENSION, cultivatrice \u25d9 En 1900, Jean, fumiste, habite Roy\u00e8re. En 1903, il est \u00e0 Honfleur (14), et loge place Thiers\u00a0; Il \u00e9pouse Georgina Adolphine Eug\u00e9nie RAULOT ..<\/p>\n<div class=\"clear-fix\"><\/div>\n<p><a href=\"https:\/\/www.lesmaconsdelacreuse.fr\/annuaires\/lettre-l\/l_1593\/\" title=\"Lire la suite...\">Lire la suite<\/a><\/p>\n","protected":false},"author":6,"featured_media":0,"comment_status":"closed","ping_status":"closed","sticky":false,"template":"","format":"standard","meta":{"_acf_changed":false,"_exactmetrics_skip_tracking":false,"_exactmetrics_sitenote_active":false,"_exactmetrics_sitenote_note":"","_exactmetrics_sitenote_category":0,"footnotes":""},"categories":[19],"tags":[],"class_list":["post-7954","post","type-post","status-publish","format-standard","hentry","category-lettre-l"],"acf":[],"_links":{"self":[{"href":"https:\/\/www.lesmaconsdelacreuse.fr\/annuaires\/wp-json\/wp\/v2\/posts\/7954","targetHints":{"allow":["GET"]}}],"collection":[{"href":"https:\/\/www.lesmaconsdelacreuse.fr\/annuaires\/wp-json\/wp\/v2\/posts"}],"about":[{"href":"https:\/\/www.lesmaconsdelacreuse.fr\/annuaires\/wp-json\/wp\/v2\/types\/post"}],"author":[{"embeddable":true,"href":"https:\/\/www.lesmaconsdelacreuse.fr\/annuaires\/wp-json\/wp\/v2\/users\/6"}],"replies":[{"embeddable":true,"href":"https:\/\/www.lesmaconsdelacreuse.fr\/annuaires\/wp-json\/wp\/v2\/comments?post=7954"}],"version-history":[{"count":0,"href":"https:\/\/www.lesmaconsdelacreuse.fr\/annuaires\/wp-json\/wp\/v2\/posts\/7954\/revisions"}],"wp:attachment":[{"href":"https:\/\/www.lesmaconsdelacreuse.fr\/annuaires\/wp-json\/wp\/v2\/media?parent=7954"}],"wp:term":[{"taxonomy":"category","embeddable":true,"href":"https:\/\/www.lesmaconsdelacreuse.fr\/annuaires\/wp-json\/wp\/v2\/categories?post=7954"},{"taxonomy":"post_tag","embeddable":true,"href":"https:\/\/www.lesmaconsdelacreuse.fr\/annuaires\/wp-json\/wp\/v2\/tags?post=7954"}],"curies":[{"name":"wp","href":"https:\/\/api.w.org\/{rel}","templated":true}]}}