{"id":7956,"date":"2019-07-28T13:33:10","date_gmt":"2019-07-28T11:33:10","guid":{"rendered":"http:\/\/lesmaconsdelacreuse.fr\/annuaire\/?p=7956"},"modified":"2023-01-03T16:03:31","modified_gmt":"2023-01-03T15:03:31","slug":"l_1580","status":"publish","type":"post","link":"https:\/\/www.lesmaconsdelacreuse.fr\/annuaires\/lettre-s\/l_1580\/","title":{"rendered":"SOUTRE Jean (d\u00e9c\u00e9d\u00e9 apr\u00e8s 1685)"},"content":{"rendered":"<p class=\"last-updated\"><strong>Mis \u00e0 jour le :<\/strong> 30\/04\/2026<\/p><h2 style=\"text-align: center;\"><strong>Jean SOUTRE<\/strong><\/h2>\n<p style=\"text-align: center;\"><strong>d\u00e9c\u00e9d\u00e9 apr\u00e8s 1685<\/strong><\/p>\n<p style=\"text-align: center;\"><img decoding=\"async\" title=\"\" src=\"https:\/\/lesmaconsdelacreuse.fr\/annuaire\/wp-content\/uploads\/2019\/07\/image1-2160.jpg\" alt=\"\" data-source-id=\"i.0\" data-asset-id=\"7955\" \/><\/p>\n<h4 style=\"text-align: center;\"><span style=\"color: #008000;\"><strong>ma\u00e7on<\/strong> et <strong>laboureur<\/strong><\/span><\/h4>\n<p style=\"text-align: center;\">de Verdinas (Roy\u00e8re)<\/p>\n<p style=\"text-align: center;\">fils de<\/p>\n<p style=\"text-align: center;\">Philippe SOUTRE \/ Anne LANGLADE<\/p>\n<p style=\"text-align: center;\">laboureurs<\/p>\n<p style=\"text-align: center;\"><span style=\"color: #ffffff;\">\u25d9<\/span><\/p>\n<p><strong>En 1669<\/strong><em>, Jean \u00e9pouse Marie <\/em><strong>LEPORTIER<\/strong>\u00a0 <em>(contrat Delavergne au Monteil-au-Vicomte). <\/em><\/p>\n<p><em> Ils habitent Verdinas.<\/em><\/p>\n<p>S17<\/p>\n","protected":false},"excerpt":{"rendered":"<p>Mis \u00e0 jour le : 30\/04\/2026Jean SOUTRE d\u00e9c\u00e9d\u00e9 apr\u00e8s 1685 ma\u00e7on et laboureur de Verdinas (Roy\u00e8re) fils de Philippe SOUTRE \/ Anne LANGLADE laboureurs \u25d9 En 1669, Jean \u00e9pouse Marie LEPORTIER\u00a0 (contrat Delavergne au Monteil-au-Vicomte). Ils habitent Ver..<\/p>\n<div class=\"clear-fix\"><\/div>\n<p><a href=\"https:\/\/www.lesmaconsdelacreuse.fr\/annuaires\/lettre-s\/l_1580\/\" title=\"Lire la suite...\">Lire la suite<\/a><\/p>\n","protected":false},"author":6,"featured_media":0,"comment_status":"closed","ping_status":"closed","sticky":false,"template":"","format":"standard","meta":{"_acf_changed":false,"_exactmetrics_skip_tracking":false,"_exactmetrics_sitenote_active":false,"_exactmetrics_sitenote_note":"","_exactmetrics_sitenote_category":0,"footnotes":""},"categories":[19,12],"tags":[],"class_list":["post-7956","post","type-post","status-publish","format-standard","hentry","category-lettre-l","category-lettre-s"],"acf":[],"_links":{"self":[{"href":"https:\/\/www.lesmaconsdelacreuse.fr\/annuaires\/wp-json\/wp\/v2\/posts\/7956","targetHints":{"allow":["GET"]}}],"collection":[{"href":"https:\/\/www.lesmaconsdelacreuse.fr\/annuaires\/wp-json\/wp\/v2\/posts"}],"about":[{"href":"https:\/\/www.lesmaconsdelacreuse.fr\/annuaires\/wp-json\/wp\/v2\/types\/post"}],"author":[{"embeddable":true,"href":"https:\/\/www.lesmaconsdelacreuse.fr\/annuaires\/wp-json\/wp\/v2\/users\/6"}],"replies":[{"embeddable":true,"href":"https:\/\/www.lesmaconsdelacreuse.fr\/annuaires\/wp-json\/wp\/v2\/comments?post=7956"}],"version-history":[{"count":1,"href":"https:\/\/www.lesmaconsdelacreuse.fr\/annuaires\/wp-json\/wp\/v2\/posts\/7956\/revisions"}],"predecessor-version":[{"id":203537,"href":"https:\/\/www.lesmaconsdelacreuse.fr\/annuaires\/wp-json\/wp\/v2\/posts\/7956\/revisions\/203537"}],"wp:attachment":[{"href":"https:\/\/www.lesmaconsdelacreuse.fr\/annuaires\/wp-json\/wp\/v2\/media?parent=7956"}],"wp:term":[{"taxonomy":"category","embeddable":true,"href":"https:\/\/www.lesmaconsdelacreuse.fr\/annuaires\/wp-json\/wp\/v2\/categories?post=7956"},{"taxonomy":"post_tag","embeddable":true,"href":"https:\/\/www.lesmaconsdelacreuse.fr\/annuaires\/wp-json\/wp\/v2\/tags?post=7956"}],"curies":[{"name":"wp","href":"https:\/\/api.w.org\/{rel}","templated":true}]}}