{"id":7962,"date":"2019-07-28T13:33:11","date_gmt":"2019-07-28T11:33:11","guid":{"rendered":"http:\/\/lesmaconsdelacreuse.fr\/annuaire\/?p=7962"},"modified":"2020-01-20T11:29:33","modified_gmt":"2020-01-20T10:29:33","slug":"l_1598","status":"publish","type":"post","link":"https:\/\/www.lesmaconsdelacreuse.fr\/annuaires\/lettre-l\/l_1598\/","title":{"rendered":"LESTARD Pierre Fran\u00e7ois (1824-1854)"},"content":{"rendered":"<p class=\"last-updated\"><strong>Mis \u00e0 jour le :<\/strong> 01\/05\/2026<\/p><h2 style=\"text-align: center;\"><strong>Pierre Fran\u00e7ois LESTARD<\/strong><\/h2>\n<p style=\"text-align: center;\"><strong>Fran\u00e7ois LESTARD<\/strong><\/p>\n<p style=\"text-align: center;\"><strong>1824 \u2013 1854<\/strong><\/p>\n<p style=\"text-align: center;\"><img loading=\"lazy\" decoding=\"async\" class=\"\" title=\"\" src=\"https:\/\/lesmaconsdelacreuse.fr\/annuaire\/wp-content\/uploads\/2019\/07\/image1-2161.jpg\" alt=\"\" width=\"445\" height=\"128\" data-source-id=\"i.0\" data-asset-id=\"7958\" \/><\/p>\n<h4 style=\"text-align: center;\"><span style=\"color: #008000;\"><strong>ma\u00e7on<\/strong><\/span><\/h4>\n<p style=\"text-align: center;\">n\u00e9 au bourg de Roy\u00e8re<\/p>\n<p style=\"text-align: center;\">le 5 mars 1824<\/p>\n<p style=\"text-align: center;\">fils de<\/p>\n<p style=\"text-align: center;\">Alexis LESTARD \/ Catherine DECOUX<\/p>\n<p style=\"text-align: center;\">aubergistes<\/p>\n<p style=\"text-align: center;\"><span style=\"color: #ffffff;\">\u25d9<\/span><\/p>\n<p><strong>En 1845<\/strong><em>, Fran\u00e7ois est exempt\u00e9 de service militaire comme a\u00een\u00e9 d\u2019orphelins.<\/em><\/p>\n<p><em>Il \u00e9pouse Anne <\/em><strong>LAUZANNE <\/strong><em>le 7 f\u00e9vrier <\/em><strong>1853<\/strong><em> \u00e0 Roy\u00e8re (mari\u00e9s sans contrat). Le couple habite Vauveix. <\/em><\/p>\n<p><strong>En 1854<\/strong><em><strong>,<\/strong> Fran\u00e7ois travaille \u00e0 <\/em><span style=\"color: #0000ff;\"><strong>Lyon (69)<\/strong><\/span><em> et les \u00e9poux logent rue Madame, dans le 3e arrondissement.<\/em><\/p>\n<p><em>Fran\u00e7ois d\u00e9c\u00e8de y d\u00e9c\u00e8de le 19 avril de la m\u00eame ann\u00e9e, \u00e2g\u00e9 de 30 ans. <\/em><\/p>\n<p><em>Sa veuve, tisserande, se remarie \u00e0 Roy\u00e8re en 1862 avec Jean-Baptiste N\u00c9OLIER, ma\u00e7on, et d\u00e9c\u00e8de au bourg de Roy\u00e8re le 26 septembre 1895, \u00e2g\u00e9e de 72 ans.<\/em><\/p>\n","protected":false},"excerpt":{"rendered":"<p>Mis \u00e0 jour le : 01\/05\/2026Pierre Fran\u00e7ois LESTARD Fran\u00e7ois LESTARD 1824 \u2013 1854 ma\u00e7on n\u00e9 au bourg de Roy\u00e8re le 5 mars 1824 fils de Alexis LESTARD \/ Catherine DECOUX aubergistes \u25d9 En 1845, Fran\u00e7ois est exempt\u00e9 de service militaire comme a\u00een\u00e9 d\u2019orphelins. Il \u00e9pouse Anne LAUZANNE le 7 f\u00e9vrier 1853 \u00e0 Roy\u00e8re (mari\u00e9s sans ..<\/p>\n<div class=\"clear-fix\"><\/div>\n<p><a href=\"https:\/\/www.lesmaconsdelacreuse.fr\/annuaires\/lettre-l\/l_1598\/\" title=\"Lire la suite...\">Lire la suite<\/a><\/p>\n","protected":false},"author":6,"featured_media":0,"comment_status":"closed","ping_status":"closed","sticky":false,"template":"","format":"standard","meta":{"_acf_changed":false,"_exactmetrics_skip_tracking":false,"_exactmetrics_sitenote_active":false,"_exactmetrics_sitenote_note":"","_exactmetrics_sitenote_category":0,"footnotes":""},"categories":[19],"tags":[],"class_list":["post-7962","post","type-post","status-publish","format-standard","hentry","category-lettre-l"],"acf":[],"_links":{"self":[{"href":"https:\/\/www.lesmaconsdelacreuse.fr\/annuaires\/wp-json\/wp\/v2\/posts\/7962","targetHints":{"allow":["GET"]}}],"collection":[{"href":"https:\/\/www.lesmaconsdelacreuse.fr\/annuaires\/wp-json\/wp\/v2\/posts"}],"about":[{"href":"https:\/\/www.lesmaconsdelacreuse.fr\/annuaires\/wp-json\/wp\/v2\/types\/post"}],"author":[{"embeddable":true,"href":"https:\/\/www.lesmaconsdelacreuse.fr\/annuaires\/wp-json\/wp\/v2\/users\/6"}],"replies":[{"embeddable":true,"href":"https:\/\/www.lesmaconsdelacreuse.fr\/annuaires\/wp-json\/wp\/v2\/comments?post=7962"}],"version-history":[{"count":0,"href":"https:\/\/www.lesmaconsdelacreuse.fr\/annuaires\/wp-json\/wp\/v2\/posts\/7962\/revisions"}],"wp:attachment":[{"href":"https:\/\/www.lesmaconsdelacreuse.fr\/annuaires\/wp-json\/wp\/v2\/media?parent=7962"}],"wp:term":[{"taxonomy":"category","embeddable":true,"href":"https:\/\/www.lesmaconsdelacreuse.fr\/annuaires\/wp-json\/wp\/v2\/categories?post=7962"},{"taxonomy":"post_tag","embeddable":true,"href":"https:\/\/www.lesmaconsdelacreuse.fr\/annuaires\/wp-json\/wp\/v2\/tags?post=7962"}],"curies":[{"name":"wp","href":"https:\/\/api.w.org\/{rel}","templated":true}]}}