{"id":7963,"date":"2019-07-28T13:33:11","date_gmt":"2019-07-28T11:33:11","guid":{"rendered":"http:\/\/lesmaconsdelacreuse.fr\/annuaire\/?p=7963"},"modified":"2020-01-20T11:29:33","modified_gmt":"2020-01-20T10:29:33","slug":"l_1592","status":"publish","type":"post","link":"https:\/\/www.lesmaconsdelacreuse.fr\/annuaires\/lettre-l\/l_1592\/","title":{"rendered":"LESTARD Jean (1846-1926)"},"content":{"rendered":"<p class=\"last-updated\"><strong>Mis \u00e0 jour le :<\/strong> 01\/05\/2026<\/p><h2 style=\"text-align: center;\"><strong>Jean LESTARD<\/strong><\/h2>\n<p style=\"text-align: center;\"><strong>Pierre LESTARD<\/strong><\/p>\n<p style=\"text-align: center;\"><strong>1846 \u2013 1926<\/strong><\/p>\n<p style=\"text-align: center;\"><img decoding=\"async\" title=\"\" src=\"https:\/\/lesmaconsdelacreuse.fr\/annuaire\/wp-content\/uploads\/2019\/07\/image1-2162.jpg\" alt=\"\" data-source-id=\"i.0\" data-asset-id=\"7959\" \/><\/p>\n<h4 style=\"text-align: center;\"><span style=\"color: #008000;\"><strong>ma\u00e7on <\/strong>et <strong>propri\u00e9taire cultivateur<\/strong><\/span><\/h4>\n<p style=\"text-align: center;\">n\u00e9 aux Bordes (Roy\u00e8re)<\/p>\n<p style=\"text-align: center;\">le 31 octobre 1846<\/p>\n<p style=\"text-align: center;\">fils de<\/p>\n<p style=\"text-align: center;\">Denis LESTARD,<span style=\"color: #008000;\"><strong> ma\u00e7on<\/strong><\/span><\/p>\n<p style=\"text-align: center;\">Marie MOUNAUD, cultivatrice<\/p>\n<p style=\"text-align: center;\"><span style=\"color: #ffffff;\">\u25d9<\/span><\/p>\n<p style=\"text-align: left;\"><strong>En 1867<\/strong><em>, Jean travaille en <\/em><span style=\"color: #0000ff;\"><strong>Charente (16)<\/strong><\/span><em> et y passe le conseil de r\u00e9vision. Il est exempt\u00e9 de service militaire comme fils de veuve et pour varices \u00e0 la jambe gauche.<\/em><\/p>\n<p><em>Il \u00e9pouse Catherine <\/em><strong>CHAMPEYMOND<\/strong><em> le 6 f\u00e9vrier <\/em><strong>1872<\/strong><em> \u00e0 Roy\u00e8re\u00a0 (contrat Toumieux). Ils vivent aux Bordes.<\/em><\/p>\n<p><em>Ils y d\u00e9c\u00e8dent\u00a0:<\/em><\/p>\n<ul>\n<li><em> Catherine, le 16 novembre <\/em><strong>1909<\/strong><em>, \u00e2g\u00e9e de 59 ans<\/em><\/li>\n<li><em> Jean le 7 d\u00e9cembre <\/em><strong>1926<\/strong><em>, \u00e2g\u00e9 de 80 ans<\/em><\/li>\n<\/ul>\n","protected":false},"excerpt":{"rendered":"<p>Mis \u00e0 jour le : 01\/05\/2026Jean LESTARD Pierre LESTARD 1846 \u2013 1926 ma\u00e7on et propri\u00e9taire cultivateur n\u00e9 aux Bordes (Roy\u00e8re) le 31 octobre 1846 fils de Denis LESTARD, ma\u00e7on Marie MOUNAUD, cultivatrice \u25d9 En 1867, Jean travaille en Charente (16) et y passe le conseil de r\u00e9vision. Il est exempt\u00e9 de service militaire comme fils ..<\/p>\n<div class=\"clear-fix\"><\/div>\n<p><a href=\"https:\/\/www.lesmaconsdelacreuse.fr\/annuaires\/lettre-l\/l_1592\/\" title=\"Lire la suite...\">Lire la suite<\/a><\/p>\n","protected":false},"author":6,"featured_media":0,"comment_status":"closed","ping_status":"closed","sticky":false,"template":"","format":"standard","meta":{"_acf_changed":false,"_exactmetrics_skip_tracking":false,"_exactmetrics_sitenote_active":false,"_exactmetrics_sitenote_note":"","_exactmetrics_sitenote_category":0,"footnotes":""},"categories":[19],"tags":[],"class_list":["post-7963","post","type-post","status-publish","format-standard","hentry","category-lettre-l"],"acf":[],"_links":{"self":[{"href":"https:\/\/www.lesmaconsdelacreuse.fr\/annuaires\/wp-json\/wp\/v2\/posts\/7963","targetHints":{"allow":["GET"]}}],"collection":[{"href":"https:\/\/www.lesmaconsdelacreuse.fr\/annuaires\/wp-json\/wp\/v2\/posts"}],"about":[{"href":"https:\/\/www.lesmaconsdelacreuse.fr\/annuaires\/wp-json\/wp\/v2\/types\/post"}],"author":[{"embeddable":true,"href":"https:\/\/www.lesmaconsdelacreuse.fr\/annuaires\/wp-json\/wp\/v2\/users\/6"}],"replies":[{"embeddable":true,"href":"https:\/\/www.lesmaconsdelacreuse.fr\/annuaires\/wp-json\/wp\/v2\/comments?post=7963"}],"version-history":[{"count":0,"href":"https:\/\/www.lesmaconsdelacreuse.fr\/annuaires\/wp-json\/wp\/v2\/posts\/7963\/revisions"}],"wp:attachment":[{"href":"https:\/\/www.lesmaconsdelacreuse.fr\/annuaires\/wp-json\/wp\/v2\/media?parent=7963"}],"wp:term":[{"taxonomy":"category","embeddable":true,"href":"https:\/\/www.lesmaconsdelacreuse.fr\/annuaires\/wp-json\/wp\/v2\/categories?post=7963"},{"taxonomy":"post_tag","embeddable":true,"href":"https:\/\/www.lesmaconsdelacreuse.fr\/annuaires\/wp-json\/wp\/v2\/tags?post=7963"}],"curies":[{"name":"wp","href":"https:\/\/api.w.org\/{rel}","templated":true}]}}