{"id":7966,"date":"2019-07-28T13:33:10","date_gmt":"2019-07-28T11:33:10","guid":{"rendered":"http:\/\/lesmaconsdelacreuse.fr\/annuaire\/?p=7966"},"modified":"2020-01-20T11:29:36","modified_gmt":"2020-01-20T10:29:36","slug":"l_1561","status":"publish","type":"post","link":"https:\/\/www.lesmaconsdelacreuse.fr\/annuaires\/lettre-l\/l_1561\/","title":{"rendered":"LEPETY Pierre (1702-avant 1746)"},"content":{"rendered":"<p class=\"last-updated\"><strong>Mis \u00e0 jour le :<\/strong> 01\/05\/2026<\/p><h2 style=\"text-align: center;\"><strong>Pierre LEPETY<\/strong><\/h2>\n<p style=\"text-align: center;\"><strong>1702 \u2013 avant 1746<\/strong><\/p>\n<p style=\"text-align: center;\"><img decoding=\"async\" title=\"\" src=\"https:\/\/lesmaconsdelacreuse.fr\/annuaire\/wp-content\/uploads\/2019\/07\/image1-2164.jpg\" alt=\"\" data-source-id=\"i.0\" data-asset-id=\"7964\" \/><\/p>\n<h4 style=\"text-align: center;\"><span style=\"color: #008000;\"><strong>ma\u00e7on <\/strong>et<strong> laboureur<\/strong><\/span><\/h4>\n<p style=\"text-align: center;\">n\u00e9 \u00e0 Pramy (Saint-Pierre-le-Bost)<\/p>\n<p style=\"text-align: center;\">le 15 f\u00e9vrier 1702<\/p>\n<p style=\"text-align: center;\">fils de<\/p>\n<p style=\"text-align: center;\">Gabriel LEPETIT \/ Marie LELAQUAIS<\/p>\n<p style=\"text-align: center;\"><span style=\"color: #ffffff;\">\u25d9<\/span><\/p>\n<p><em>Pierre \u00e9pouse Marie <\/em><strong>FOUILLAUD<\/strong><em> le 18 f\u00e9vrier <\/em><strong>1727<\/strong> \u00e0 Saint-Pierre<em> (contrat Darfeuille \u00e0 Ch\u00e2tain). <\/em><\/p>\n<p><em>Ils habitent Pramy.<\/em><\/p>\n<p><em> Sa veuve se remarie <\/em><strong>en 1746<\/strong><em> avec Jean SAUVANAUD, ma\u00e7on, et d\u00e9c\u00e8de \u00e0 Larfouill\u00e8re, paroisse de Ch\u00e2tain, le 23 d\u00e9cembre 1753, \u00e2g\u00e9e de 45 ans environ.<\/em><\/p>\n","protected":false},"excerpt":{"rendered":"<p>Mis \u00e0 jour le : 01\/05\/2026Pierre LEPETY 1702 \u2013 avant 1746 ma\u00e7on et laboureur n\u00e9 \u00e0 Pramy (Saint-Pierre-le-Bost) le 15 f\u00e9vrier 1702 fils de Gabriel LEPETIT \/ Marie LELAQUAIS \u25d9 Pierre \u00e9pouse Marie FOUILLAUD le 18 f\u00e9vrier 1727 \u00e0 Saint-Pierre (contrat Darfeuille \u00e0 Ch\u00e2tain). Ils habitent Pramy. Sa veuve se remarie en 1746 avec Jean ..<\/p>\n<div class=\"clear-fix\"><\/div>\n<p><a href=\"https:\/\/www.lesmaconsdelacreuse.fr\/annuaires\/lettre-l\/l_1561\/\" title=\"Lire la suite...\">Lire la suite<\/a><\/p>\n","protected":false},"author":6,"featured_media":0,"comment_status":"closed","ping_status":"closed","sticky":false,"template":"","format":"standard","meta":{"_acf_changed":false,"_exactmetrics_skip_tracking":false,"_exactmetrics_sitenote_active":false,"_exactmetrics_sitenote_note":"","_exactmetrics_sitenote_category":0,"footnotes":""},"categories":[19],"tags":[],"class_list":["post-7966","post","type-post","status-publish","format-standard","hentry","category-lettre-l"],"acf":[],"_links":{"self":[{"href":"https:\/\/www.lesmaconsdelacreuse.fr\/annuaires\/wp-json\/wp\/v2\/posts\/7966","targetHints":{"allow":["GET"]}}],"collection":[{"href":"https:\/\/www.lesmaconsdelacreuse.fr\/annuaires\/wp-json\/wp\/v2\/posts"}],"about":[{"href":"https:\/\/www.lesmaconsdelacreuse.fr\/annuaires\/wp-json\/wp\/v2\/types\/post"}],"author":[{"embeddable":true,"href":"https:\/\/www.lesmaconsdelacreuse.fr\/annuaires\/wp-json\/wp\/v2\/users\/6"}],"replies":[{"embeddable":true,"href":"https:\/\/www.lesmaconsdelacreuse.fr\/annuaires\/wp-json\/wp\/v2\/comments?post=7966"}],"version-history":[{"count":0,"href":"https:\/\/www.lesmaconsdelacreuse.fr\/annuaires\/wp-json\/wp\/v2\/posts\/7966\/revisions"}],"wp:attachment":[{"href":"https:\/\/www.lesmaconsdelacreuse.fr\/annuaires\/wp-json\/wp\/v2\/media?parent=7966"}],"wp:term":[{"taxonomy":"category","embeddable":true,"href":"https:\/\/www.lesmaconsdelacreuse.fr\/annuaires\/wp-json\/wp\/v2\/categories?post=7966"},{"taxonomy":"post_tag","embeddable":true,"href":"https:\/\/www.lesmaconsdelacreuse.fr\/annuaires\/wp-json\/wp\/v2\/tags?post=7966"}],"curies":[{"name":"wp","href":"https:\/\/api.w.org\/{rel}","templated":true}]}}