{"id":7974,"date":"2019-07-28T13:33:10","date_gmt":"2019-07-28T11:33:10","guid":{"rendered":"http:\/\/lesmaconsdelacreuse.fr\/annuaire\/?p=7974"},"modified":"2020-09-28T08:04:46","modified_gmt":"2020-09-28T06:04:46","slug":"l_1535","status":"publish","type":"post","link":"https:\/\/www.lesmaconsdelacreuse.fr\/annuaires\/lettre-l\/l_1535\/","title":{"rendered":"LEPETIT Joseph (1811-1872)"},"content":{"rendered":"<p class=\"last-updated\"><strong>Mis \u00e0 jour le :<\/strong> 01\/05\/2026<\/p><h2 style=\"text-align: center;\"><strong>Joseph LEPETIT<\/strong><\/h2>\n<p style=\"text-align: center;\"><strong>1811 \u2013 1872<\/strong><\/p>\n<p style=\"text-align: center;\"><img decoding=\"async\" title=\"\" src=\"https:\/\/lesmaconsdelacreuse.fr\/annuaire\/wp-content\/uploads\/2019\/07\/image1-131.png\" alt=\"\" data-source-id=\"i.0\" data-asset-id=\"7969\" \/><\/p>\n<h4 style=\"text-align: center;\"><span style=\"color: #008000;\"><strong>ma\u00e7on<\/strong><\/span><\/h4>\n<p>&nbsp;<\/p>\n<p style=\"text-align: center;\">n\u00e9 au Planchadeau (Saint-Pierre-le-Bost)<\/p>\n<p style=\"text-align: center;\">le 15 d\u00e9cembre 1811<\/p>\n<p style=\"text-align: center;\">fils de<\/p>\n<p style=\"text-align: center;\">Jacques LEPETIT, <span style=\"color: #008000;\"><strong>ma\u00e7on<\/strong><\/span><\/p>\n<p style=\"text-align: center;\">Marguerite LEPETIT, cultivatrice<\/p>\n<p style=\"text-align: center;\"><span style=\"color: #ffffff;\">\u25d9<\/span><\/p>\n<p><strong>En 1835<\/strong><em>, Joseph habite <\/em><span style=\"color: #0000ff;\"><strong>Chasselay (69)<\/strong><\/span><em> avec son p\u00e8re.<\/em><\/p>\n<p><em> Il y \u00e9pouse Philiberte <\/em><strong>MORNAUD<\/strong><em>, <strong>\u25ba<\/strong><a href=\"https:\/\/www.lesmaconsdelacreuse.fr\/annuaires\/wp-content\/uploads\/2020\/08\/LING\u00c8RE.png\" target=\"_blank\" rel=\"noopener noreferrer\">ling\u00e8re<\/a>,<\/em> <em>le 7 octobre de la m\u00eame ann\u00e9e.<\/em><\/p>\n<p><strong>En 1853<\/strong>, <em>ils habitent <\/em><span style=\"color: #0000ff;\"><strong>Limonest (69)<\/strong><\/span><\/p>\n<p><em>Philiberte, maintenant couturi\u00e8re, y d\u00e9c\u00e8de le 14 septembre de la m\u00eame ann\u00e9e, \u00e2g\u00e9e de 40 ans.<\/em><\/p>\n<p><em>Joseph se remarie avec Jeanne Marie <\/em><strong>GRAND<\/strong><em>, repasseuse, le 27 avril <\/em><strong>1854<\/strong><em> \u00e0 Limonest (contrat Joannard \u00e0 Chasselay \u2013 69).<\/em><\/p>\n<p><strong>En 1872<\/strong><em>, les \u00e9poux habitent <\/em><span style=\"color: #0000ff;\"><strong>Lyon (69)<\/strong><\/span><em>, 3, rue de L\u2019Oiseli\u00e8re, 5e arrondissement.<\/em><\/p>\n<p><em>Joseph d\u00e9c\u00e8de \u00e0 cette adresse le 25 mars de la m\u00eame ann\u00e9e, \u00e2g\u00e9 de 60 ans.<\/em><\/p>\n<p>&nbsp;<\/p>\n","protected":false},"excerpt":{"rendered":"<p>Mis \u00e0 jour le : 01\/05\/2026Joseph LEPETIT 1811 \u2013 1872 ma\u00e7on &nbsp; n\u00e9 au Planchadeau (Saint-Pierre-le-Bost) le 15 d\u00e9cembre 1811 fils de Jacques LEPETIT, ma\u00e7on Marguerite LEPETIT, cultivatrice \u25d9 En 1835, Joseph habite Chasselay (69) avec son p\u00e8re. Il y \u00e9pouse Philiberte MORNAUD, \u25baling\u00e8re, le 7 octobre de la m\u00eame ann\u00e9e. En 1853, ils habitent ..<\/p>\n<div class=\"clear-fix\"><\/div>\n<p><a href=\"https:\/\/www.lesmaconsdelacreuse.fr\/annuaires\/lettre-l\/l_1535\/\" title=\"Lire la suite...\">Lire la suite<\/a><\/p>\n","protected":false},"author":6,"featured_media":0,"comment_status":"closed","ping_status":"closed","sticky":false,"template":"","format":"standard","meta":{"_acf_changed":false,"_exactmetrics_skip_tracking":false,"_exactmetrics_sitenote_active":false,"_exactmetrics_sitenote_note":"","_exactmetrics_sitenote_category":0,"footnotes":""},"categories":[19],"tags":[],"class_list":["post-7974","post","type-post","status-publish","format-standard","hentry","category-lettre-l"],"acf":[],"_links":{"self":[{"href":"https:\/\/www.lesmaconsdelacreuse.fr\/annuaires\/wp-json\/wp\/v2\/posts\/7974","targetHints":{"allow":["GET"]}}],"collection":[{"href":"https:\/\/www.lesmaconsdelacreuse.fr\/annuaires\/wp-json\/wp\/v2\/posts"}],"about":[{"href":"https:\/\/www.lesmaconsdelacreuse.fr\/annuaires\/wp-json\/wp\/v2\/types\/post"}],"author":[{"embeddable":true,"href":"https:\/\/www.lesmaconsdelacreuse.fr\/annuaires\/wp-json\/wp\/v2\/users\/6"}],"replies":[{"embeddable":true,"href":"https:\/\/www.lesmaconsdelacreuse.fr\/annuaires\/wp-json\/wp\/v2\/comments?post=7974"}],"version-history":[{"count":0,"href":"https:\/\/www.lesmaconsdelacreuse.fr\/annuaires\/wp-json\/wp\/v2\/posts\/7974\/revisions"}],"wp:attachment":[{"href":"https:\/\/www.lesmaconsdelacreuse.fr\/annuaires\/wp-json\/wp\/v2\/media?parent=7974"}],"wp:term":[{"taxonomy":"category","embeddable":true,"href":"https:\/\/www.lesmaconsdelacreuse.fr\/annuaires\/wp-json\/wp\/v2\/categories?post=7974"},{"taxonomy":"post_tag","embeddable":true,"href":"https:\/\/www.lesmaconsdelacreuse.fr\/annuaires\/wp-json\/wp\/v2\/tags?post=7974"}],"curies":[{"name":"wp","href":"https:\/\/api.w.org\/{rel}","templated":true}]}}