{"id":7980,"date":"2019-07-28T13:33:09","date_gmt":"2019-07-28T11:33:09","guid":{"rendered":"http:\/\/lesmaconsdelacreuse.fr\/annuaire\/?p=7980"},"modified":"2020-01-20T11:29:38","modified_gmt":"2020-01-20T10:29:38","slug":"l_1545","status":"publish","type":"post","link":"https:\/\/www.lesmaconsdelacreuse.fr\/annuaires\/lettre-l\/l_1545\/","title":{"rendered":"LEPETIT L\u00e9onard (1808-1849)"},"content":{"rendered":"<p class=\"last-updated\"><strong>Mis \u00e0 jour le :<\/strong> 01\/05\/2026<\/p><h2 style=\"text-align: center;\"><strong>L\u00e9onard LEPETIT<\/strong><\/h2>\n<p style=\"text-align: center;\"><strong>1808 \u2013 1849<\/strong><\/p>\n<p style=\"text-align: center;\"><img decoding=\"async\" title=\"\" src=\"https:\/\/lesmaconsdelacreuse.fr\/annuaire\/wp-content\/uploads\/2019\/07\/image1-2168.jpg\" alt=\"\" data-source-id=\"i.0\" data-asset-id=\"7978\" \/><\/p>\n<h4 style=\"text-align: center;\"><span style=\"color: #008000;\"><strong>ma\u00e7on <\/strong>et<strong> sabotier<\/strong>; <strong>cultivateur<\/strong><\/span><\/h4>\n<p style=\"text-align: center;\">n\u00e9 au Planchadeau (Saint-Pierre-le-Bost)<\/p>\n<p style=\"text-align: center;\">le 18 septembre 1808<\/p>\n<p style=\"text-align: center;\">fils de<\/p>\n<p style=\"text-align: center;\">Jacques LEPETIT,<span style=\"color: #008000;\"> <strong>ma\u00e7on<\/strong><\/span><\/p>\n<p style=\"text-align: center;\">Marguerite LEPETIT, cultivatrice<\/p>\n<p style=\"text-align: center;\"><span style=\"color: #ffffff;\">\u25d9<\/span><\/p>\n<p><em>L\u00e9onard \u00e9pouse Fran\u00e7oise <\/em><strong>TOURAUD<\/strong><em> le 18 f\u00e9vrier <\/em><strong>1830<\/strong> <em>\u00e0 Saint-Marc-\u00e0-Loubaud.<\/em><\/p>\n<p><em> Ils d\u00e9c\u00e8dent au Planchadeau\u00a0:<\/em><\/p>\n<ul>\n<li><em>L\u00e9onard, <\/em><span style=\"color: #008000;\"><strong>sabotier<\/strong><\/span><em>, le 5 d\u00e9cembre <\/em><strong>1849<\/strong><em>, \u00e2g\u00e9 de 41 ans<\/em><\/li>\n<li><em>Fran\u00e7oise, le 16 mai <\/em><strong>1874<\/strong><em>, \u00e2g\u00e9e de 67 ans<\/em><\/li>\n<\/ul>\n","protected":false},"excerpt":{"rendered":"<p>Mis \u00e0 jour le : 01\/05\/2026L\u00e9onard LEPETIT 1808 \u2013 1849 ma\u00e7on et sabotier; cultivateur n\u00e9 au Planchadeau (Saint-Pierre-le-Bost) le 18 septembre 1808 fils de Jacques LEPETIT, ma\u00e7on Marguerite LEPETIT, cultivatrice \u25d9 L\u00e9onard \u00e9pouse Fran\u00e7oise TOURAUD le 18 f\u00e9vrier 1830 \u00e0 Saint-Marc-\u00e0-Loubaud. Ils d\u00e9c\u00e8dent au Planchadeau\u00a0: L\u00e9onard, sabotier, le 5 d\u00e9cembre 1849, \u00e2g\u00e9 de 41 ans ..<\/p>\n<div class=\"clear-fix\"><\/div>\n<p><a href=\"https:\/\/www.lesmaconsdelacreuse.fr\/annuaires\/lettre-l\/l_1545\/\" title=\"Lire la suite...\">Lire la suite<\/a><\/p>\n","protected":false},"author":6,"featured_media":0,"comment_status":"closed","ping_status":"closed","sticky":false,"template":"","format":"standard","meta":{"_acf_changed":false,"_exactmetrics_skip_tracking":false,"_exactmetrics_sitenote_active":false,"_exactmetrics_sitenote_note":"","_exactmetrics_sitenote_category":0,"footnotes":""},"categories":[19],"tags":[],"class_list":["post-7980","post","type-post","status-publish","format-standard","hentry","category-lettre-l"],"acf":[],"_links":{"self":[{"href":"https:\/\/www.lesmaconsdelacreuse.fr\/annuaires\/wp-json\/wp\/v2\/posts\/7980","targetHints":{"allow":["GET"]}}],"collection":[{"href":"https:\/\/www.lesmaconsdelacreuse.fr\/annuaires\/wp-json\/wp\/v2\/posts"}],"about":[{"href":"https:\/\/www.lesmaconsdelacreuse.fr\/annuaires\/wp-json\/wp\/v2\/types\/post"}],"author":[{"embeddable":true,"href":"https:\/\/www.lesmaconsdelacreuse.fr\/annuaires\/wp-json\/wp\/v2\/users\/6"}],"replies":[{"embeddable":true,"href":"https:\/\/www.lesmaconsdelacreuse.fr\/annuaires\/wp-json\/wp\/v2\/comments?post=7980"}],"version-history":[{"count":0,"href":"https:\/\/www.lesmaconsdelacreuse.fr\/annuaires\/wp-json\/wp\/v2\/posts\/7980\/revisions"}],"wp:attachment":[{"href":"https:\/\/www.lesmaconsdelacreuse.fr\/annuaires\/wp-json\/wp\/v2\/media?parent=7980"}],"wp:term":[{"taxonomy":"category","embeddable":true,"href":"https:\/\/www.lesmaconsdelacreuse.fr\/annuaires\/wp-json\/wp\/v2\/categories?post=7980"},{"taxonomy":"post_tag","embeddable":true,"href":"https:\/\/www.lesmaconsdelacreuse.fr\/annuaires\/wp-json\/wp\/v2\/tags?post=7980"}],"curies":[{"name":"wp","href":"https:\/\/api.w.org\/{rel}","templated":true}]}}