{"id":7985,"date":"2019-07-28T13:33:09","date_gmt":"2019-07-28T11:33:09","guid":{"rendered":"http:\/\/lesmaconsdelacreuse.fr\/annuaire\/?p=7985"},"modified":"2020-09-28T17:57:31","modified_gmt":"2020-09-28T15:57:31","slug":"l_1599","status":"publish","type":"post","link":"https:\/\/www.lesmaconsdelacreuse.fr\/annuaires\/lettre-l\/l_1599\/","title":{"rendered":"LESTRADE Adrien Fran\u00e7ois (1868-apr\u00e8s 1914)"},"content":{"rendered":"<p class=\"last-updated\"><strong>Mis \u00e0 jour le :<\/strong> 01\/05\/2026<\/p><h2 style=\"text-align: center;\"><strong>Adrien Fran\u00e7ois LESTRADE<\/strong><\/h2>\n<p style=\"text-align: center;\"><strong>Adrien LESTRADE<\/strong><\/p>\n<p style=\"text-align: center;\"><strong>1868 \u2013 apr\u00e8s 1914<\/strong><\/p>\n<h4 style=\"text-align: center;\"><span style=\"color: #008000;\"><strong>ma\u00e7on<\/strong><\/span><\/h4>\n<p>&nbsp;<\/p>\n<p style=\"text-align: center;\">n\u00e9 au Planchadeau (Saint-Pierre-le-Bost)<\/p>\n<p style=\"text-align: center;\">le 13 septembre 1868<\/p>\n<p style=\"text-align: center;\">fils de<\/p>\n<p style=\"text-align: center;\">L\u00e9onard LESTRADE, <span style=\"color: #008000;\"><strong>ma\u00e7on <\/strong><\/span><strong>\/ <\/strong>Marie M\u00c9MERY<\/p>\n<p style=\"text-align: center;\">propri\u00e9taires cultivateurs<\/p>\n<p style=\"text-align: center;\"><span style=\"color: #ffffff;\">\u25d9<\/span><\/p>\n<p><strong>En 1888<\/strong><em>, Adrien travaille \u00e0 <\/em><span style=\"color: #0000ff;\"><strong>Lyon (69)<\/strong><\/span><em> et loge 23, rue Clos Suiphon, 3e arrondissement.<\/em><\/p>\n<p><em>La m\u00eame ann\u00e9e, il est incarc\u00e9r\u00e9 \u00e0 la \u25ba<a href=\"https:\/\/www.lesmaconsdelacreuse.fr\/annuaires\/wp-content\/uploads\/2020\/08\/PRISON-SAINT-PAUL.png\" target=\"_blank\" rel=\"noopener noreferrer\">prison Saint-Paul<\/a> pendant un mois pour entrave \u00e0 la libert\u00e9 du travail .<\/em><\/p>\n<p><strong>En 1889<\/strong><em>, lors du conseil de r\u00e9vision, il est dispens\u00e9 de service militaire, ayant un fr\u00e8re sous les drapeaux. Il est aussi r\u00e9form\u00e9 pour arthrite chronique du cou-de-pied droit.<\/em><\/p>\n<p><em>Il travaille \u00e0 Lyon et loge\u00a0:<\/em><\/p>\n<p><strong>en 1895<\/strong><em>, 100, rue Mazenod\u00a0;<\/em><\/p>\n<p><strong>en 1897<\/strong><em>, 11, rue B\u00e9chevelin.<\/em><\/p>\n<p>&nbsp;<\/p>\n","protected":false},"excerpt":{"rendered":"<p>Mis \u00e0 jour le : 01\/05\/2026Adrien Fran\u00e7ois LESTRADE Adrien LESTRADE 1868 \u2013 apr\u00e8s 1914 ma\u00e7on &nbsp; n\u00e9 au Planchadeau (Saint-Pierre-le-Bost) le 13 septembre 1868 fils de L\u00e9onard LESTRADE, ma\u00e7on \/ Marie M\u00c9MERY propri\u00e9taires cultivateurs \u25d9 En 1888, Adrien travaille \u00e0 Lyon (69) et loge 23, rue Clos Suiphon, 3e arrondissement. La m\u00eame ann\u00e9e, il est ..<\/p>\n<div class=\"clear-fix\"><\/div>\n<p><a href=\"https:\/\/www.lesmaconsdelacreuse.fr\/annuaires\/lettre-l\/l_1599\/\" title=\"Lire la suite...\">Lire la suite<\/a><\/p>\n","protected":false},"author":6,"featured_media":0,"comment_status":"closed","ping_status":"closed","sticky":false,"template":"","format":"standard","meta":{"_acf_changed":false,"_exactmetrics_skip_tracking":false,"_exactmetrics_sitenote_active":false,"_exactmetrics_sitenote_note":"","_exactmetrics_sitenote_category":0,"footnotes":""},"categories":[19],"tags":[],"class_list":["post-7985","post","type-post","status-publish","format-standard","hentry","category-lettre-l"],"acf":[],"_links":{"self":[{"href":"https:\/\/www.lesmaconsdelacreuse.fr\/annuaires\/wp-json\/wp\/v2\/posts\/7985","targetHints":{"allow":["GET"]}}],"collection":[{"href":"https:\/\/www.lesmaconsdelacreuse.fr\/annuaires\/wp-json\/wp\/v2\/posts"}],"about":[{"href":"https:\/\/www.lesmaconsdelacreuse.fr\/annuaires\/wp-json\/wp\/v2\/types\/post"}],"author":[{"embeddable":true,"href":"https:\/\/www.lesmaconsdelacreuse.fr\/annuaires\/wp-json\/wp\/v2\/users\/6"}],"replies":[{"embeddable":true,"href":"https:\/\/www.lesmaconsdelacreuse.fr\/annuaires\/wp-json\/wp\/v2\/comments?post=7985"}],"version-history":[{"count":0,"href":"https:\/\/www.lesmaconsdelacreuse.fr\/annuaires\/wp-json\/wp\/v2\/posts\/7985\/revisions"}],"wp:attachment":[{"href":"https:\/\/www.lesmaconsdelacreuse.fr\/annuaires\/wp-json\/wp\/v2\/media?parent=7985"}],"wp:term":[{"taxonomy":"category","embeddable":true,"href":"https:\/\/www.lesmaconsdelacreuse.fr\/annuaires\/wp-json\/wp\/v2\/categories?post=7985"},{"taxonomy":"post_tag","embeddable":true,"href":"https:\/\/www.lesmaconsdelacreuse.fr\/annuaires\/wp-json\/wp\/v2\/tags?post=7985"}],"curies":[{"name":"wp","href":"https:\/\/api.w.org\/{rel}","templated":true}]}}