{"id":7992,"date":"2019-07-28T13:33:09","date_gmt":"2019-07-28T11:33:09","guid":{"rendered":"http:\/\/lesmaconsdelacreuse.fr\/annuaire\/?p=7992"},"modified":"2020-01-20T11:29:37","modified_gmt":"2020-01-20T10:29:37","slug":"l_1544","status":"publish","type":"post","link":"https:\/\/www.lesmaconsdelacreuse.fr\/annuaires\/lettre-l\/l_1544\/","title":{"rendered":"LEPETIT L\u00e9onard (vers 1743-entre 1797 et 1824)"},"content":{"rendered":"<p class=\"last-updated\"><strong>Mis \u00e0 jour le :<\/strong> 01\/05\/2026<\/p><h2 style=\"text-align: center;\"><strong>L\u00e9onard LEPETIT<\/strong><\/h2>\n<p style=\"text-align: center;\"><strong>L\u00e9onard PETIT<\/strong><\/p>\n<p style=\"text-align: center;\"><strong>vers 1743 \u2013 entre 1797 et 1824<\/strong><\/p>\n<p style=\"text-align: center;\"><img decoding=\"async\" title=\"\" src=\"https:\/\/lesmaconsdelacreuse.fr\/annuaire\/wp-content\/uploads\/2019\/07\/image1-2172.jpg\" alt=\"\" data-source-id=\"i.0\" data-asset-id=\"7988\" \/><\/p>\n<h4 style=\"text-align: center;\"><span style=\"color: #008000;\">probablement<strong> ma\u00e7on\u00a0<\/strong><\/span><\/h4>\n<p style=\"text-align: center;\">n\u00e9 \u00e0 La Parade (Le Compeix)\u00a0?<\/p>\n<p style=\"text-align: center;\">vers 1743<\/p>\n<p style=\"text-align: center;\">fils de<\/p>\n<p style=\"text-align: center;\">Guillaume LEPETIT, <span style=\"color: #008000;\"><strong>ma\u00e7on <\/strong><\/span><strong>\/ <\/strong>Marie RAYNAUD<\/p>\n<p style=\"text-align: center;\">laboureurs<\/p>\n<p style=\"text-align: center;\"><span style=\"color: #ffffff;\">\u25d9<\/span><\/p>\n<p><em>L\u00e9onard \u00e9pouse Marie <\/em><strong>BOURDEAU<\/strong><em> le 9 f\u00e9vrier <\/em><strong>1762<\/strong><em> au Compeix.<\/em><\/p>\n<p><em> Ils habitent La Parade. <\/em><\/p>\n<p><span style=\"color: #993366;\"><strong>En 1792<\/strong><\/span><em>, L\u00e9onard est\u00a0<\/em><span style=\"color: #993366;\"><strong>absent du pays depuis plus de vingt-quatre ans<\/strong><\/span><em>. <\/em><\/p>\n","protected":false},"excerpt":{"rendered":"<p>Mis \u00e0 jour le : 01\/05\/2026L\u00e9onard LEPETIT L\u00e9onard PETIT vers 1743 \u2013 entre 1797 et 1824 probablement ma\u00e7on\u00a0 n\u00e9 \u00e0 La Parade (Le Compeix)\u00a0? vers 1743 fils de Guillaume LEPETIT, ma\u00e7on \/ Marie RAYNAUD laboureurs \u25d9 L\u00e9onard \u00e9pouse Marie BOURDEAU le 9 f\u00e9vrier 1762 au Compeix. Ils habitent La Parade. En 1792, L\u00e9onard est\u00a0absent du ..<\/p>\n<div class=\"clear-fix\"><\/div>\n<p><a href=\"https:\/\/www.lesmaconsdelacreuse.fr\/annuaires\/lettre-l\/l_1544\/\" title=\"Lire la suite...\">Lire la suite<\/a><\/p>\n","protected":false},"author":6,"featured_media":0,"comment_status":"closed","ping_status":"closed","sticky":false,"template":"","format":"standard","meta":{"_acf_changed":false,"_exactmetrics_skip_tracking":false,"_exactmetrics_sitenote_active":false,"_exactmetrics_sitenote_note":"","_exactmetrics_sitenote_category":0,"footnotes":""},"categories":[19],"tags":[],"class_list":["post-7992","post","type-post","status-publish","format-standard","hentry","category-lettre-l"],"acf":[],"_links":{"self":[{"href":"https:\/\/www.lesmaconsdelacreuse.fr\/annuaires\/wp-json\/wp\/v2\/posts\/7992","targetHints":{"allow":["GET"]}}],"collection":[{"href":"https:\/\/www.lesmaconsdelacreuse.fr\/annuaires\/wp-json\/wp\/v2\/posts"}],"about":[{"href":"https:\/\/www.lesmaconsdelacreuse.fr\/annuaires\/wp-json\/wp\/v2\/types\/post"}],"author":[{"embeddable":true,"href":"https:\/\/www.lesmaconsdelacreuse.fr\/annuaires\/wp-json\/wp\/v2\/users\/6"}],"replies":[{"embeddable":true,"href":"https:\/\/www.lesmaconsdelacreuse.fr\/annuaires\/wp-json\/wp\/v2\/comments?post=7992"}],"version-history":[{"count":0,"href":"https:\/\/www.lesmaconsdelacreuse.fr\/annuaires\/wp-json\/wp\/v2\/posts\/7992\/revisions"}],"wp:attachment":[{"href":"https:\/\/www.lesmaconsdelacreuse.fr\/annuaires\/wp-json\/wp\/v2\/media?parent=7992"}],"wp:term":[{"taxonomy":"category","embeddable":true,"href":"https:\/\/www.lesmaconsdelacreuse.fr\/annuaires\/wp-json\/wp\/v2\/categories?post=7992"},{"taxonomy":"post_tag","embeddable":true,"href":"https:\/\/www.lesmaconsdelacreuse.fr\/annuaires\/wp-json\/wp\/v2\/tags?post=7992"}],"curies":[{"name":"wp","href":"https:\/\/api.w.org\/{rel}","templated":true}]}}