{"id":7994,"date":"2019-07-28T13:33:09","date_gmt":"2019-07-28T11:33:09","guid":{"rendered":"http:\/\/lesmaconsdelacreuse.fr\/annuaire\/?p=7994"},"modified":"2020-10-03T13:52:30","modified_gmt":"2020-10-03T11:52:30","slug":"l_1568","status":"publish","type":"post","link":"https:\/\/www.lesmaconsdelacreuse.fr\/annuaires\/lettre-l\/l_1568\/","title":{"rendered":"LEPETIT Pierre  Alfred (1884-1956)"},"content":{"rendered":"<p class=\"last-updated\"><strong>Mis \u00e0 jour le :<\/strong> 01\/05\/2026<\/p><h2 style=\"text-align: center;\"><strong>Pierre Alfred LEPETIT<\/strong><\/h2>\n<p style=\"text-align: center;\"><strong>1884 \u2013 1956<\/strong><\/p>\n<p style=\"text-align: center;\"><img decoding=\"async\" title=\"\" src=\"https:\/\/lesmaconsdelacreuse.fr\/annuaire\/wp-content\/uploads\/2019\/07\/image1-2173.jpg\" alt=\"\" data-source-id=\"i.0\" data-asset-id=\"7993\" \/><\/p>\n<h4 style=\"text-align: center;\"><span style=\"color: #008000;\"><a href=\"https:\/\/www.lesmaconsdelacreuse.fr\/annuaires\/wp-content\/uploads\/2019\/07\/1740-Prix-fait-\u00e0-Gabriel-QUEYRAT-1.jpg\"><strong>\u25ba<\/strong><\/a><a href=\"https:\/\/www.lesmaconsdelacreuse.fr\/annuaires\/wp-content\/uploads\/2020\/08\/CHARPENTIER.png\" target=\"_blank\" rel=\"noopener noreferrer\"><strong><span style=\"color: #008000;\">charpentier<\/span><\/strong><\/a>\u00a0et\u00a0\u25ba<a href=\"https:\/\/www.lesmaconsdelacreuse.fr\/annuaires\/wp-content\/uploads\/2020\/08\/SCIEUR-DE-LONG.png\" target=\"_blank\" rel=\"noopener noreferrer\"><strong><span style=\"color: #008000;\">scieur de long<\/span><\/strong><\/a><\/span><\/h4>\n<p>&nbsp;<\/p>\n<p style=\"text-align: center;\">n\u00e9 au Planchadeau (Saint-Pierre-le-Bost)<\/p>\n<p style=\"text-align: center;\">le 6 ao\u00fbt 1884<\/p>\n<p style=\"text-align: center;\">fils de<\/p>\n<p style=\"text-align: center;\">Joseph Victor LEPETIT, <span style=\"color: #008000;\"><strong>ma\u00e7on <\/strong><\/span>et scieur de long<\/p>\n<p style=\"text-align: center;\">Marguerite Augustine BERGER, cultivatrice<\/p>\n<p style=\"text-align: center;\"><span style=\"color: #ffffff;\">\u25d9<\/span><\/p>\n<p><strong>En 1905<\/strong><em>, Pierre est dispens\u00e9 de service militaire comme a\u00een\u00e9 de 9 enfants.<\/em><\/p>\n<p><em>Il \u00e9pouse Cl\u00e9mentine <\/em><strong>TAUTY<\/strong><em> le 30 mai <\/em><strong>1908<\/strong><em> \u00e0 Saint-Pierre. Ils habitent Jeansanas, commune de Roy\u00e8re.<\/em><\/p>\n<p><em>Pierre travaille \u00e0 <\/em><span style=\"color: #0000ff;\"><strong>Congis (77)<\/strong><\/span><em>.<\/em><\/p>\n<p><em>Il est ensuite \u00e0 <\/em><span style=\"color: #0000ff;\"><strong>Villeurbanne (69)<\/strong><\/span><em>, o\u00f9 il loge\u00a0:<\/em><\/p>\n<p><em>d&rsquo;abord 56, route de Vaulx ;<\/em><\/p>\n<p><strong>en 1931<\/strong><em>, 10, rue Julien\u00a0;<\/em><\/p>\n<p><strong>en 1956<\/strong><em>, 6, rue Raspail.<\/em><\/p>\n<p><em>Il d\u00e9c\u00e8de \u00e0 Lyon 3e , h\u00f4pital Rockfeller, le 3 d\u00e9cembre de la m\u00eame ann\u00e9e, \u00e2g\u00e9 de 72 ans, <\/em><\/p>\n<p><em>Sa veuve d\u00e9c\u00e8de \u00e0 Saint-Genis-Laval (69), le 28 janvier <\/em>1960<em>, \u00e2g\u00e9e de 72 ans \u00e9galement<\/em><\/p>\n<p>&nbsp;<\/p>\n","protected":false},"excerpt":{"rendered":"<p>Mis \u00e0 jour le : 01\/05\/2026Pierre Alfred LEPETIT 1884 \u2013 1956 \u25bacharpentier\u00a0et\u00a0\u25bascieur de long &nbsp; n\u00e9 au Planchadeau (Saint-Pierre-le-Bost) le 6 ao\u00fbt 1884 fils de Joseph Victor LEPETIT, ma\u00e7on et scieur de long Marguerite Augustine BERGER, cultivatrice \u25d9 En 1905, Pierre est dispens\u00e9 de service militaire comme a\u00een\u00e9 de 9 enfants. Il \u00e9pouse Cl\u00e9mentine TAUTY ..<\/p>\n<div class=\"clear-fix\"><\/div>\n<p><a href=\"https:\/\/www.lesmaconsdelacreuse.fr\/annuaires\/lettre-l\/l_1568\/\" title=\"Lire la suite...\">Lire la suite<\/a><\/p>\n","protected":false},"author":6,"featured_media":0,"comment_status":"closed","ping_status":"closed","sticky":false,"template":"","format":"standard","meta":{"_acf_changed":false,"_exactmetrics_skip_tracking":false,"_exactmetrics_sitenote_active":false,"_exactmetrics_sitenote_note":"","_exactmetrics_sitenote_category":0,"footnotes":""},"categories":[19],"tags":[],"class_list":["post-7994","post","type-post","status-publish","format-standard","hentry","category-lettre-l"],"acf":[],"_links":{"self":[{"href":"https:\/\/www.lesmaconsdelacreuse.fr\/annuaires\/wp-json\/wp\/v2\/posts\/7994","targetHints":{"allow":["GET"]}}],"collection":[{"href":"https:\/\/www.lesmaconsdelacreuse.fr\/annuaires\/wp-json\/wp\/v2\/posts"}],"about":[{"href":"https:\/\/www.lesmaconsdelacreuse.fr\/annuaires\/wp-json\/wp\/v2\/types\/post"}],"author":[{"embeddable":true,"href":"https:\/\/www.lesmaconsdelacreuse.fr\/annuaires\/wp-json\/wp\/v2\/users\/6"}],"replies":[{"embeddable":true,"href":"https:\/\/www.lesmaconsdelacreuse.fr\/annuaires\/wp-json\/wp\/v2\/comments?post=7994"}],"version-history":[{"count":0,"href":"https:\/\/www.lesmaconsdelacreuse.fr\/annuaires\/wp-json\/wp\/v2\/posts\/7994\/revisions"}],"wp:attachment":[{"href":"https:\/\/www.lesmaconsdelacreuse.fr\/annuaires\/wp-json\/wp\/v2\/media?parent=7994"}],"wp:term":[{"taxonomy":"category","embeddable":true,"href":"https:\/\/www.lesmaconsdelacreuse.fr\/annuaires\/wp-json\/wp\/v2\/categories?post=7994"},{"taxonomy":"post_tag","embeddable":true,"href":"https:\/\/www.lesmaconsdelacreuse.fr\/annuaires\/wp-json\/wp\/v2\/tags?post=7994"}],"curies":[{"name":"wp","href":"https:\/\/api.w.org\/{rel}","templated":true}]}}