{"id":7995,"date":"2019-07-28T13:33:08","date_gmt":"2019-07-28T11:33:08","guid":{"rendered":"http:\/\/lesmaconsdelacreuse.fr\/annuaire\/?p=7995"},"modified":"2022-06-07T07:42:21","modified_gmt":"2022-06-07T05:42:21","slug":"l_1549","status":"publish","type":"post","link":"https:\/\/www.lesmaconsdelacreuse.fr\/annuaires\/lettre-l\/l_1549\/","title":{"rendered":"LEPETIT L\u00e9onard (1885-1954)"},"content":{"rendered":"<p class=\"last-updated\"><strong>Mis \u00e0 jour le :<\/strong> 02\/05\/2026<\/p><h2 style=\"text-align: center;\"><strong>L\u00e9onard LEPETIT<\/strong><\/h2>\n<p style=\"text-align: center;\"><strong>1885 &#8211; 1954<\/strong><\/p>\n<p><a href=\"https:\/\/www.lesmaconsdelacreuse.fr\/annuaires\/wp-content\/uploads\/2019\/07\/LEPETIT-Leonard-1885.jpg\"><img loading=\"lazy\" decoding=\"async\" class=\"size-full wp-image-200024 aligncenter\" src=\"https:\/\/www.lesmaconsdelacreuse.fr\/annuaires\/wp-content\/uploads\/2019\/07\/LEPETIT-Leonard-1885.jpg\" alt=\"\" width=\"127\" height=\"70\" srcset=\"https:\/\/www.lesmaconsdelacreuse.fr\/annuaires\/wp-content\/uploads\/2019\/07\/LEPETIT-Leonard-1885.jpg 127w, https:\/\/www.lesmaconsdelacreuse.fr\/annuaires\/wp-content\/uploads\/2019\/07\/LEPETIT-Leonard-1885-16x9.jpg 16w\" sizes=\"auto, (max-width: 127px) 100vw, 127px\" \/><\/a><\/p>\n<h4 style=\"text-align: center;\"><span style=\"color: #008000;\"><strong>ma\u00e7on<\/strong><\/span><\/h4>\n<p style=\"text-align: center;\">n\u00e9 \u00e0 Vige (Saint-Junien-la-Breg\u00e8re)<\/p>\n<p style=\"text-align: center;\">le 25 septembre 1885<\/p>\n<p style=\"text-align: center;\">fils de<\/p>\n<p style=\"text-align: center;\">Antoine LEPETIT, <span style=\"color: #008000;\"><strong>ma\u00e7on<\/strong><\/span><\/p>\n<p style=\"text-align: center;\">Marguerite BORNE, cultivatrice<\/p>\n<p style=\"text-align: center;\"><span style=\"color: #ffffff;\">\u25d9<\/span><\/p>\n<p><em>L\u00e9onard travaille \u00e0 <\/em><span style=\"color: #0000ff;\"><strong>Paris (75)<\/strong><\/span><em>, et loge 13, rue Vauquelin, 5e arrondissement\u00a0;<\/em><\/p>\n<p><strong>en 1909<\/strong><em> , 6, rue Laromigui\u00e8re;<\/em><\/p>\n<p><strong>en 1910<\/strong><em>, 25, rue de Tournefort, puis 28, rue Mouffetard.<\/em><\/p>\n<p><em>\u00a0<\/em><em>Cette ann\u00e9e-l\u00e0, il \u00e9pouse Marie <\/em><strong>RIBI\u00c8RE<\/strong><em>, femme de chambre, native de Haute-Vienne,<\/em><em> le 2 ao\u00fbt \u00a0\u00e0 Paris 5e<\/em><\/p>\n<p><strong>En 1921<\/strong><em>, ils habitent 108, rue de Rennes, 6e arrondissement\u00a0;<\/em><\/p>\n<p><strong>en 1925<\/strong><em>, 5, rue Godefroy\u00a0;<\/em><\/p>\n<p><strong>en 1929<\/strong><em>, il habite <\/em><span style=\"color: #0000ff;\"><strong>Vitry-sur-Seine<\/strong> <strong>(94)<\/strong><\/span><em><span style=\"color: #0000ff;\">,<\/span> 81, avenue Rouget de L\u2019 Isle.<\/em><\/p>\n<p><em>L\u00e9onard d\u00e9c\u00e8de \u00e0 Bujaleuf (87) le 11 octobre <\/em><strong>1954<\/strong><em>, \u00e2g\u00e9 de 69 ans.<\/em><\/p>\n","protected":false},"excerpt":{"rendered":"<p>Mis \u00e0 jour le : 02\/05\/2026L\u00e9onard LEPETIT 1885 &#8211; 1954 ma\u00e7on n\u00e9 \u00e0 Vige (Saint-Junien-la-Breg\u00e8re) le 25 septembre 1885 fils de Antoine LEPETIT, ma\u00e7on Marguerite BORNE, cultivatrice \u25d9 L\u00e9onard travaille \u00e0 Paris (75), et loge 13, rue Vauquelin, 5e arrondissement\u00a0; en 1909 , 6, rue Laromigui\u00e8re; en 1910, 25, rue de Tournefort, puis 28, rue ..<\/p>\n<div class=\"clear-fix\"><\/div>\n<p><a href=\"https:\/\/www.lesmaconsdelacreuse.fr\/annuaires\/lettre-l\/l_1549\/\" title=\"Lire la suite...\">Lire la suite<\/a><\/p>\n","protected":false},"author":6,"featured_media":0,"comment_status":"closed","ping_status":"closed","sticky":false,"template":"","format":"standard","meta":{"_acf_changed":false,"_exactmetrics_skip_tracking":false,"_exactmetrics_sitenote_active":false,"_exactmetrics_sitenote_note":"","_exactmetrics_sitenote_category":0,"footnotes":""},"categories":[19],"tags":[],"class_list":["post-7995","post","type-post","status-publish","format-standard","hentry","category-lettre-l"],"acf":[],"_links":{"self":[{"href":"https:\/\/www.lesmaconsdelacreuse.fr\/annuaires\/wp-json\/wp\/v2\/posts\/7995","targetHints":{"allow":["GET"]}}],"collection":[{"href":"https:\/\/www.lesmaconsdelacreuse.fr\/annuaires\/wp-json\/wp\/v2\/posts"}],"about":[{"href":"https:\/\/www.lesmaconsdelacreuse.fr\/annuaires\/wp-json\/wp\/v2\/types\/post"}],"author":[{"embeddable":true,"href":"https:\/\/www.lesmaconsdelacreuse.fr\/annuaires\/wp-json\/wp\/v2\/users\/6"}],"replies":[{"embeddable":true,"href":"https:\/\/www.lesmaconsdelacreuse.fr\/annuaires\/wp-json\/wp\/v2\/comments?post=7995"}],"version-history":[{"count":4,"href":"https:\/\/www.lesmaconsdelacreuse.fr\/annuaires\/wp-json\/wp\/v2\/posts\/7995\/revisions"}],"predecessor-version":[{"id":200025,"href":"https:\/\/www.lesmaconsdelacreuse.fr\/annuaires\/wp-json\/wp\/v2\/posts\/7995\/revisions\/200025"}],"wp:attachment":[{"href":"https:\/\/www.lesmaconsdelacreuse.fr\/annuaires\/wp-json\/wp\/v2\/media?parent=7995"}],"wp:term":[{"taxonomy":"category","embeddable":true,"href":"https:\/\/www.lesmaconsdelacreuse.fr\/annuaires\/wp-json\/wp\/v2\/categories?post=7995"},{"taxonomy":"post_tag","embeddable":true,"href":"https:\/\/www.lesmaconsdelacreuse.fr\/annuaires\/wp-json\/wp\/v2\/tags?post=7995"}],"curies":[{"name":"wp","href":"https:\/\/api.w.org\/{rel}","templated":true}]}}