{"id":8001,"date":"2019-07-28T13:33:08","date_gmt":"2019-07-28T11:33:08","guid":{"rendered":"http:\/\/lesmaconsdelacreuse.fr\/annuaire\/?p=8001"},"modified":"2020-01-20T11:29:39","modified_gmt":"2020-01-20T10:29:39","slug":"l_1550","status":"publish","type":"post","link":"https:\/\/www.lesmaconsdelacreuse.fr\/annuaires\/lettre-l\/l_1550\/","title":{"rendered":"LEPETIT L\u00e9onard Vincent (1881-1959)"},"content":{"rendered":"<p class=\"last-updated\"><strong>Mis \u00e0 jour le :<\/strong> 02\/05\/2026<\/p><h2 style=\"text-align: center;\"><strong>L\u00e9onard Vincent LEPETIT<\/strong><\/h2>\n<p style=\"text-align: center;\"><strong>1881 \u2013 1959<\/strong><\/p>\n<p style=\"text-align: center;\"><img loading=\"lazy\" decoding=\"async\" class=\"\" title=\"\" src=\"https:\/\/lesmaconsdelacreuse.fr\/annuaire\/wp-content\/uploads\/2019\/07\/image1-2176.jpg\" alt=\"\" width=\"167\" height=\"64\" data-source-id=\"i.0\" data-asset-id=\"7999\" \/><\/p>\n<h4 style=\"text-align: center;\"><span style=\"color: #008000;\"><strong>ma\u00e7on<\/strong><\/span><\/h4>\n<p style=\"text-align: center;\">n\u00e9 \u00e0 La Cour-de-Rozet (Saint-Pardoux-Lavaud)<\/p>\n<p style=\"text-align: center;\">le 16 juillet 1881<\/p>\n<p style=\"text-align: center;\">fils de<\/p>\n<p style=\"text-align: center;\">Joseph LEPETIT, <span style=\"color: #008000;\"><strong>ma\u00e7on<\/strong><\/span><\/p>\n<p style=\"text-align: center;\">Marie CONCHONNET, cultivatrice<\/p>\n<p style=\"text-align: center;\"><span style=\"color: #ffffff;\">\u25d9<\/span><\/p>\n<p><strong>En 1902<\/strong><em>, L\u00e9onard travaille dans le <\/em><span style=\"color: #0000ff;\"><strong>Rh\u00f4ne <\/strong><\/span><em>et y passe le conseil de r\u00e9vision. Il est dispens\u00e9 de service militaire, comme a\u00een\u00e9 de 10 enfants.<\/em><\/p>\n<p><strong>En 1904<\/strong><em>, il habite <\/em><span style=\"color: #0000ff;\"><strong>Lyon (69)<\/strong><\/span><em> 17, rue Moncey\u00a0;<\/em><\/p>\n<p><strong>en 1905<\/strong><em>, au 11 de la m\u00eame rue\u00a0;<\/em><\/p>\n<p><strong>en 1906<\/strong><em>, 46, rue de Bonnel.<\/em><\/p>\n<p><em> Il \u00e9pouse Marie Germaine <\/em><strong>GROUSSAUD <\/strong><em>le 25 janvier <\/em><strong>1908<\/strong><em> \u00e0 Saint-Martin-Ch\u00e2teau (contrat Berger \u00e0 Bourganeuf).<\/em><\/p>\n<p><em>L\u00e9onard continue \u00e0 travailler \u00e0 Lyon et loge d&rsquo;abord <\/em><em>\u00a0176, rue Garibaldi, puis 107, rue Dunoir;<\/em><\/p>\n<p><strong>en 1909<\/strong><em>, 205, avenue de Saxe.<\/em><\/p>\n<p><em>Les \u00e9poux d\u00e9c\u00e8dent au Masfaure\u00a0:<\/em><\/p>\n<ul>\n<li><em>L\u00e9onard, le 14 juin <\/em><strong>1959<\/strong><em>, \u00e2g\u00e9 de 77 ans<\/em><\/li>\n<li><em>Marie, le 14 ao\u00fbt <\/em><strong>1963<\/strong><em>, \u00e2g\u00e9e de 79 ans<\/em><\/li>\n<\/ul>\n","protected":false},"excerpt":{"rendered":"<p>Mis \u00e0 jour le : 02\/05\/2026L\u00e9onard Vincent LEPETIT 1881 \u2013 1959 ma\u00e7on n\u00e9 \u00e0 La Cour-de-Rozet (Saint-Pardoux-Lavaud) le 16 juillet 1881 fils de Joseph LEPETIT, ma\u00e7on Marie CONCHONNET, cultivatrice \u25d9 En 1902, L\u00e9onard travaille dans le Rh\u00f4ne et y passe le conseil de r\u00e9vision. Il est dispens\u00e9 de service militaire, comme a\u00een\u00e9 de 10 enfants. ..<\/p>\n<div class=\"clear-fix\"><\/div>\n<p><a href=\"https:\/\/www.lesmaconsdelacreuse.fr\/annuaires\/lettre-l\/l_1550\/\" title=\"Lire la suite...\">Lire la suite<\/a><\/p>\n","protected":false},"author":6,"featured_media":0,"comment_status":"closed","ping_status":"closed","sticky":false,"template":"","format":"standard","meta":{"_acf_changed":false,"_exactmetrics_skip_tracking":false,"_exactmetrics_sitenote_active":false,"_exactmetrics_sitenote_note":"","_exactmetrics_sitenote_category":0,"footnotes":""},"categories":[19],"tags":[],"class_list":["post-8001","post","type-post","status-publish","format-standard","hentry","category-lettre-l"],"acf":[],"_links":{"self":[{"href":"https:\/\/www.lesmaconsdelacreuse.fr\/annuaires\/wp-json\/wp\/v2\/posts\/8001","targetHints":{"allow":["GET"]}}],"collection":[{"href":"https:\/\/www.lesmaconsdelacreuse.fr\/annuaires\/wp-json\/wp\/v2\/posts"}],"about":[{"href":"https:\/\/www.lesmaconsdelacreuse.fr\/annuaires\/wp-json\/wp\/v2\/types\/post"}],"author":[{"embeddable":true,"href":"https:\/\/www.lesmaconsdelacreuse.fr\/annuaires\/wp-json\/wp\/v2\/users\/6"}],"replies":[{"embeddable":true,"href":"https:\/\/www.lesmaconsdelacreuse.fr\/annuaires\/wp-json\/wp\/v2\/comments?post=8001"}],"version-history":[{"count":0,"href":"https:\/\/www.lesmaconsdelacreuse.fr\/annuaires\/wp-json\/wp\/v2\/posts\/8001\/revisions"}],"wp:attachment":[{"href":"https:\/\/www.lesmaconsdelacreuse.fr\/annuaires\/wp-json\/wp\/v2\/media?parent=8001"}],"wp:term":[{"taxonomy":"category","embeddable":true,"href":"https:\/\/www.lesmaconsdelacreuse.fr\/annuaires\/wp-json\/wp\/v2\/categories?post=8001"},{"taxonomy":"post_tag","embeddable":true,"href":"https:\/\/www.lesmaconsdelacreuse.fr\/annuaires\/wp-json\/wp\/v2\/tags?post=8001"}],"curies":[{"name":"wp","href":"https:\/\/api.w.org\/{rel}","templated":true}]}}