{"id":8004,"date":"2019-07-28T13:33:08","date_gmt":"2019-07-28T11:33:08","guid":{"rendered":"http:\/\/lesmaconsdelacreuse.fr\/annuaire\/?p=8004"},"modified":"2020-01-20T11:29:39","modified_gmt":"2020-01-20T10:29:39","slug":"l_1576","status":"publish","type":"post","link":"https:\/\/www.lesmaconsdelacreuse.fr\/annuaires\/lettre-l\/l_1576\/","title":{"rendered":"LESCURE Jean (1825-1871)"},"content":{"rendered":"<p class=\"last-updated\"><strong>Mis \u00e0 jour le :<\/strong> 02\/05\/2026<\/p><h2 style=\"text-align: center;\"><strong>Jean LESCURE<\/strong><\/h2>\n<p style=\"text-align: center;\"><strong>1825 \u2013 1871<\/strong><\/p>\n<p style=\"text-align: center;\"><img decoding=\"async\" title=\"\" src=\"https:\/\/lesmaconsdelacreuse.fr\/annuaire\/wp-content\/uploads\/2019\/07\/image1-2177.jpg\" alt=\"\" data-source-id=\"i.0\" data-asset-id=\"8003\" \/><\/p>\n<h4 style=\"text-align: center;\"><span style=\"color: #008000;\"><strong>ma\u00e7on <\/strong>et<strong> cultivateur<\/strong><\/span><\/h4>\n<p style=\"text-align: center;\">n\u00e9 \u00e0 Pr\u00e9sench\u00e8re (Saint-Moreil)<\/p>\n<p style=\"text-align: center;\">le 28 janvier 1825<\/p>\n<p style=\"text-align: center;\">fils de<\/p>\n<p style=\"text-align: center;\">Jean LESCURE \/ Antoinette LEGROS<\/p>\n<p style=\"text-align: center;\"><span style=\"color: #ffffff;\">\u25d9<\/span><\/p>\n<p><em>Jean \u00e9pouse Catherine <\/em><strong>MONTHIOUX<\/strong><em> le 8 mars <\/em><strong>1852<\/strong><em> \u00e0 Saint-Moreil (contrat Berger \u00e0 Bourganeuf). <\/em><\/p>\n<p><em>Ils habitent La Vedrenne, commune de Saint-Moreil, puis La Tessonni\u00e8re, commune de Bujaleuf (87).<\/em><\/p>\n<p><em>Jean y d\u00e9c\u00e8de le 1er octobre <\/em><strong>1871<\/strong><em>, \u00e2g\u00e9 de 46 ans.<\/em><\/p>\n","protected":false},"excerpt":{"rendered":"<p>Mis \u00e0 jour le : 02\/05\/2026Jean LESCURE 1825 \u2013 1871 ma\u00e7on et cultivateur n\u00e9 \u00e0 Pr\u00e9sench\u00e8re (Saint-Moreil) le 28 janvier 1825 fils de Jean LESCURE \/ Antoinette LEGROS \u25d9 Jean \u00e9pouse Catherine MONTHIOUX le 8 mars 1852 \u00e0 Saint-Moreil (contrat Berger \u00e0 Bourganeuf). Ils habitent La Vedrenne, commune de Saint-Moreil, puis La Tessonni\u00e8re, commune de ..<\/p>\n<div class=\"clear-fix\"><\/div>\n<p><a href=\"https:\/\/www.lesmaconsdelacreuse.fr\/annuaires\/lettre-l\/l_1576\/\" title=\"Lire la suite...\">Lire la suite<\/a><\/p>\n","protected":false},"author":6,"featured_media":0,"comment_status":"closed","ping_status":"closed","sticky":false,"template":"","format":"standard","meta":{"_acf_changed":false,"_exactmetrics_skip_tracking":false,"_exactmetrics_sitenote_active":false,"_exactmetrics_sitenote_note":"","_exactmetrics_sitenote_category":0,"footnotes":""},"categories":[19],"tags":[],"class_list":["post-8004","post","type-post","status-publish","format-standard","hentry","category-lettre-l"],"acf":[],"_links":{"self":[{"href":"https:\/\/www.lesmaconsdelacreuse.fr\/annuaires\/wp-json\/wp\/v2\/posts\/8004","targetHints":{"allow":["GET"]}}],"collection":[{"href":"https:\/\/www.lesmaconsdelacreuse.fr\/annuaires\/wp-json\/wp\/v2\/posts"}],"about":[{"href":"https:\/\/www.lesmaconsdelacreuse.fr\/annuaires\/wp-json\/wp\/v2\/types\/post"}],"author":[{"embeddable":true,"href":"https:\/\/www.lesmaconsdelacreuse.fr\/annuaires\/wp-json\/wp\/v2\/users\/6"}],"replies":[{"embeddable":true,"href":"https:\/\/www.lesmaconsdelacreuse.fr\/annuaires\/wp-json\/wp\/v2\/comments?post=8004"}],"version-history":[{"count":0,"href":"https:\/\/www.lesmaconsdelacreuse.fr\/annuaires\/wp-json\/wp\/v2\/posts\/8004\/revisions"}],"wp:attachment":[{"href":"https:\/\/www.lesmaconsdelacreuse.fr\/annuaires\/wp-json\/wp\/v2\/media?parent=8004"}],"wp:term":[{"taxonomy":"category","embeddable":true,"href":"https:\/\/www.lesmaconsdelacreuse.fr\/annuaires\/wp-json\/wp\/v2\/categories?post=8004"},{"taxonomy":"post_tag","embeddable":true,"href":"https:\/\/www.lesmaconsdelacreuse.fr\/annuaires\/wp-json\/wp\/v2\/tags?post=8004"}],"curies":[{"name":"wp","href":"https:\/\/api.w.org\/{rel}","templated":true}]}}