{"id":8010,"date":"2019-07-28T13:33:08","date_gmt":"2019-07-28T11:33:08","guid":{"rendered":"http:\/\/lesmaconsdelacreuse.fr\/annuaire\/?p=8010"},"modified":"2022-06-07T07:41:33","modified_gmt":"2022-06-07T05:41:33","slug":"l_1507","status":"publish","type":"post","link":"https:\/\/www.lesmaconsdelacreuse.fr\/annuaires\/lettre-l\/l_1507\/","title":{"rendered":"LEPETIT Fran\u00e7ois (1843-apr\u00e8s 1902)"},"content":{"rendered":"<p class=\"last-updated\"><strong>Mis \u00e0 jour le :<\/strong> 02\/05\/2026<\/p><h2 style=\"text-align: center;\"><strong>Fran\u00e7ois LEPETIT<\/strong><\/h2>\n<p style=\"text-align: center;\"><strong>1843 \u2013 apr\u00e8s 1902<\/strong><\/p>\n<p><a href=\"https:\/\/www.lesmaconsdelacreuse.fr\/annuaires\/wp-content\/uploads\/2019\/07\/LEPETIT-Francois-1843.jpg\"><img loading=\"lazy\" decoding=\"async\" class=\"size-full wp-image-200022 aligncenter\" src=\"https:\/\/www.lesmaconsdelacreuse.fr\/annuaires\/wp-content\/uploads\/2019\/07\/LEPETIT-Francois-1843.jpg\" alt=\"\" width=\"247\" height=\"63\" srcset=\"https:\/\/www.lesmaconsdelacreuse.fr\/annuaires\/wp-content\/uploads\/2019\/07\/LEPETIT-Francois-1843.jpg 247w, https:\/\/www.lesmaconsdelacreuse.fr\/annuaires\/wp-content\/uploads\/2019\/07\/LEPETIT-Francois-1843-16x4.jpg 16w, https:\/\/www.lesmaconsdelacreuse.fr\/annuaires\/wp-content\/uploads\/2019\/07\/LEPETIT-Francois-1843-150x38.jpg 150w\" sizes=\"auto, (max-width: 247px) 100vw, 247px\" \/><\/a><\/p>\n<h4 style=\"text-align: center;\"><span style=\"color: #008000;\"><strong>ma\u00e7on<\/strong><\/span><\/h4>\n<p>&nbsp;<\/p>\n<p style=\"text-align: center;\">n\u00e9 \u00e0 La Cour-de-Rozet (Saint-Pardoux-Lavaud)<\/p>\n<p style=\"text-align: center;\">le 28 novembre 1843<\/p>\n<p style=\"text-align: center;\">fils de<\/p>\n<p style=\"text-align: center;\">L\u00e9onard LEPETIT, <strong>\u25ba<\/strong><strong><a href=\"https:\/\/www.lesmaconsdelacreuse.fr\/annuaires\/wp-content\/uploads\/2020\/08\/CHARRON.png\" target=\"_blank\" rel=\"noopener noreferrer\">charron<\/a><\/strong> \/\u00a0 Marguerite CH\u00c2TEAU<\/p>\n<p style=\"text-align: center;\">propri\u00e9taires cultivateurs<\/p>\n<p>&nbsp;<\/p>\n<p><em>Fran\u00e7ois \u00e9pouse Suzanne <\/em><strong>MALTHIEU<\/strong><em>, originaire de Faux-la-Montagne,<\/em> <em>le 18 novembre <\/em><strong>1869<\/strong> <em>\u00e0 <\/em><span style=\"color: #0000ff;\"><strong>Paris (75)<\/strong><\/span><em>, 5<sup>e<\/sup> arrondissement.<\/em><\/p>\n<p><strong>\u00a0En 1876<\/strong><em>, ils habitent <\/em><span style=\"color: #0000ff;\"><strong>Vanves (92)<\/strong><\/span><em>\u00a0;<\/em><\/p>\n<p><strong>\u00a0en 1879<\/strong><em>, Suzanne vient accoucher \u00e0 Faux, et Fran\u00e7ois est absent\u00a0;<\/em><\/p>\n<p><strong>\u00a0en 1881<\/strong><em>, ils habitent Paris, \u00a05<sup>e<\/sup> arrondissement\u00a0;<\/em><\/p>\n<p><strong>\u00a0en 1901<\/strong><em>, 111 rue de la Sant\u00e9\u00a0;<\/em><\/p>\n<p><strong>\u00a0en 1902<\/strong><em>, 3, rue de la Colonie.<\/em><\/p>\n<p>&nbsp;<\/p>\n","protected":false},"excerpt":{"rendered":"<p>Mis \u00e0 jour le : 02\/05\/2026Fran\u00e7ois LEPETIT 1843 \u2013 apr\u00e8s 1902 ma\u00e7on &nbsp; n\u00e9 \u00e0 La Cour-de-Rozet (Saint-Pardoux-Lavaud) le 28 novembre 1843 fils de L\u00e9onard LEPETIT, \u25bacharron \/\u00a0 Marguerite CH\u00c2TEAU propri\u00e9taires cultivateurs &nbsp; Fran\u00e7ois \u00e9pouse Suzanne MALTHIEU, originaire de Faux-la-Montagne, le 18 novembre 1869 \u00e0 Paris (75), 5e arrondissement. \u00a0En 1876, ils habitent Vanves (92)\u00a0; ..<\/p>\n<div class=\"clear-fix\"><\/div>\n<p><a href=\"https:\/\/www.lesmaconsdelacreuse.fr\/annuaires\/lettre-l\/l_1507\/\" title=\"Lire la suite...\">Lire la suite<\/a><\/p>\n","protected":false},"author":6,"featured_media":0,"comment_status":"closed","ping_status":"closed","sticky":false,"template":"","format":"standard","meta":{"_acf_changed":false,"_exactmetrics_skip_tracking":false,"_exactmetrics_sitenote_active":false,"_exactmetrics_sitenote_note":"","_exactmetrics_sitenote_category":0,"footnotes":""},"categories":[19],"tags":[],"class_list":["post-8010","post","type-post","status-publish","format-standard","hentry","category-lettre-l"],"acf":[],"_links":{"self":[{"href":"https:\/\/www.lesmaconsdelacreuse.fr\/annuaires\/wp-json\/wp\/v2\/posts\/8010","targetHints":{"allow":["GET"]}}],"collection":[{"href":"https:\/\/www.lesmaconsdelacreuse.fr\/annuaires\/wp-json\/wp\/v2\/posts"}],"about":[{"href":"https:\/\/www.lesmaconsdelacreuse.fr\/annuaires\/wp-json\/wp\/v2\/types\/post"}],"author":[{"embeddable":true,"href":"https:\/\/www.lesmaconsdelacreuse.fr\/annuaires\/wp-json\/wp\/v2\/users\/6"}],"replies":[{"embeddable":true,"href":"https:\/\/www.lesmaconsdelacreuse.fr\/annuaires\/wp-json\/wp\/v2\/comments?post=8010"}],"version-history":[{"count":3,"href":"https:\/\/www.lesmaconsdelacreuse.fr\/annuaires\/wp-json\/wp\/v2\/posts\/8010\/revisions"}],"predecessor-version":[{"id":200023,"href":"https:\/\/www.lesmaconsdelacreuse.fr\/annuaires\/wp-json\/wp\/v2\/posts\/8010\/revisions\/200023"}],"wp:attachment":[{"href":"https:\/\/www.lesmaconsdelacreuse.fr\/annuaires\/wp-json\/wp\/v2\/media?parent=8010"}],"wp:term":[{"taxonomy":"category","embeddable":true,"href":"https:\/\/www.lesmaconsdelacreuse.fr\/annuaires\/wp-json\/wp\/v2\/categories?post=8010"},{"taxonomy":"post_tag","embeddable":true,"href":"https:\/\/www.lesmaconsdelacreuse.fr\/annuaires\/wp-json\/wp\/v2\/tags?post=8010"}],"curies":[{"name":"wp","href":"https:\/\/api.w.org\/{rel}","templated":true}]}}